{"id":2447,"date":"2020-09-20T10:00:00","date_gmt":"2020-09-20T10:00:00","guid":{"rendered":"http:\/\/mindsoultrainer.com\/?p=2447"},"modified":"2023-11-02T23:07:15","modified_gmt":"2023-11-02T23:07:15","slug":"proposito","status":"publish","type":"post","link":"https:\/\/www.mindsoultrainer.com\/?p=2447","title":{"rendered":"Prop\u00f3sito"},"content":{"rendered":"\n<h2 class=\"wp-block-heading\">Prop\u00f3sito<\/h2>\n\n\n\n<p>A palavra \u00e9 curta e simples, mas o significado e a reflex\u00e3o s\u00e3o muito profundos. Quando iniciamos um processo de autoconhecimento, existem algumas perguntas-chave de onde parte toda nossa investiga\u00e7\u00e3o. A primeira pergunta \u00e9: <strong>&#8220;Quem sou eu?&#8221;.<\/strong> Voc\u00ea j\u00e1 se fez essa pergunta e tentou honestamente respond\u00ea-la?! \u00c9 comum a resposta vir de forma indireta: Sou fulano, m\u00e9dico, advogado, atleta, artista, etc&#8230;, filho de tal pessoa, etc, etc&#8230; Mas, sua profiss\u00e3o responde, seus familiares, amigos, etc respondem quem voc\u00ea realmente \u00e9 &#8230;. ?!  A segunda pergunta \u00e9 <strong>&#8220;Por que (ou para que) estou aqui?!&#8221;<\/strong> e a terceira <strong>&#8220;Para onde devo ir?!&#8221;<\/strong> Estas perguntas nos remetem \u00e0 discuss\u00e3o sobre Prop\u00f3sito. E disso queremos falar e refletir hoje.<\/p>\n\n\n<div class=\"wp-block-image is-style-default\">\n<figure class=\"aligncenter is-resized\"><img decoding=\"async\" src=\"https:\/\/1.bp.blogspot.com\/-uvF34gtr5dk\/U9z8DmX5TVI\/AAAAAAAAIUc\/qlB5fprQ540\/s1600\/banner64.png\" alt=\"Central Chico Bento Mo\u00e7o: Alguns pngs do Chico Bento\" style=\"width:202px;height:167px\"\/><figcaption class=\"wp-element-caption\"><em>Oncot\u00f4 ?! Oncov\u00f4 ?!<\/em><\/figcaption><\/figure><\/div>\n\n\n<p>Costumo fazer uma brincadeira (carinhosa) com nossos queridos amigos mineiros (da regi\u00e3o de Minas Gerais). O sotaque mineiro nos ajuda a pensar em Prop\u00f3sito de forma l\u00fadica. Explico: n\u00f3s perguntamos: <strong>Oncot\u00f4?! Oncov\u00f4?! <\/strong>  \u00c9 a forma &#8220;rapidinha&#8221; e que vai concatenando as palavras do jeito &#8220;<em>mineir\u00eas<\/em>&#8221; de falar: &#8220;Onde \u00e9 que eu estou? e &#8220;Para Onde \u00e9 que eu vou?&#8221;. Saber onde estamos, e para onde queremos ir \u00e9 muito importante, pois direciona nossas a\u00e7\u00f5es, nossa energia e esfor\u00e7os para buscar algo. \u00c9 muito pouco eficiente conhecer uma cidade sem um mapa na m\u00e3o e\/ou sem saber onde nos encontramos neste mapa. <strong>Quando n\u00e3o sabemos o que queremos, passamos muito tempo, \u00e0 deriva, sem saber aonde chegar&#8230; e muito provavelmente chegamos a lugar algum<\/strong>. <\/p>\n\n\n<div class=\"wp-block-image is-style-default\">\n<figure class=\"aligncenter size-large is-resized\"><img loading=\"lazy\" decoding=\"async\" width=\"1024\" height=\"576\" src=\"http:\/\/mindsoultrainer.com\/wp-content\/uploads\/2020\/06\/DSC00678-1024x576.jpg\" alt=\"\" class=\"wp-image-1227\" style=\"width:607px;height:341px\" srcset=\"https:\/\/www.mindsoultrainer.com\/wp-content\/uploads\/2020\/06\/DSC00678-1024x576.jpg 1024w, https:\/\/www.mindsoultrainer.com\/wp-content\/uploads\/2020\/06\/DSC00678-300x169.jpg 300w, https:\/\/www.mindsoultrainer.com\/wp-content\/uploads\/2020\/06\/DSC00678-768x432.jpg 768w, https:\/\/www.mindsoultrainer.com\/wp-content\/uploads\/2020\/06\/DSC00678-1536x864.jpg 1536w, https:\/\/www.mindsoultrainer.com\/wp-content\/uploads\/2020\/06\/DSC00678-1200x675.jpg 1200w, https:\/\/www.mindsoultrainer.com\/wp-content\/uploads\/2020\/06\/DSC00678-1250x703.jpg 1250w, https:\/\/www.mindsoultrainer.com\/wp-content\/uploads\/2020\/06\/DSC00678-400x225.jpg 400w, https:\/\/www.mindsoultrainer.com\/wp-content\/uploads\/2020\/06\/DSC00678.jpg 1920w\" sizes=\"auto, (max-width: 1024px) 100vw, 1024px\" \/><figcaption class=\"wp-element-caption\"><em>Rio Ganges (Ganga) in Rishikesh, India<\/em><\/figcaption><\/figure><\/div>\n\n\n<h2 class=\"wp-block-heading has-medium-font-size\">A vida \u00e9 como um curso de rio<\/h2>\n\n\n\n<p><strong>A vida \u00e9 como um rio<\/strong>, tem sua nascente, seu curso e sua foz, onde tudo des\u00e1gua. <strong>O in\u00edcio e o fim s\u00e3o conhecidos<\/strong>. Nascemos, damos o primeiro sopro e choramos. Ao final, morremos e partimos. Portanto, <strong>alfa e \u00f4mega<\/strong> s\u00e3o conhecidos, Com 100% de certeza, <strong>nosso destino est\u00e1 definido<\/strong>. O importante \u00e9<strong> o que fazemos nesse meio tempo<\/strong>. Se conseguirmos minimamente saber por onde queremos passar, o que queremos visitar, conhecer, aprender, certamente nossa trajet\u00f3ria por aqui ser\u00e1 mais produtiva, mais prazerosa, eficaz, flu\u00edda, r\u00e1pida e menos dolorosa. N\u00e3o ficaremos desviando e nos enroscando pelo caminho, muito menos nadando na dire\u00e7\u00e3o contr\u00e1ria da nossa verdadeira voca\u00e7\u00e3o.  Costumo dizer, que<strong> n\u00e3o estamos aqui ao acaso, nem de f\u00e9rias. Estamos aqui por um motivo, por um prop\u00f3sito<\/strong>. Da\u00ed a import\u00e2ncia de refletirmos, meditarmos e buscarmos o nosso Prop\u00f3sito nesta vida. Quanto antes o descobrirmos, mais poderemos nos dedicar a ele. <\/p>\n\n\n\n<p>Na \u00faltima postagem, quando falamos sobre<strong><em> <a href=\"http:\/\/www.mindsoultrainer.com\/?p=2348\">Mantras<\/a><\/em><\/strong>, deixei como refer\u00eancia uma can\u00e7\u00e3o, que ousei chamar de mantra, pelo poder que carrega consigo em suas palavras. Essa can\u00e7\u00e3o nos fala do curso de um rio. Ela diz: <strong><em>&#8220;The river is flowing, flowing and growing. The river is flowing down to the Sea.&#8221;<\/em> <em>&#8220;O rio est\u00e1 fuindo, fluindo e crescendo. O rio est\u00e1 fluindo em dire\u00e7\u00e3o ao Mar&#8221;<\/em><\/strong>. Este rio \u00e9 a nossa vida, nossos aprendizados e nossa evolu\u00e7\u00e3o durante essa exist\u00eancia,  plano, encarna\u00e7\u00e3o, enfim como prefiram chamar segundo sua tradi\u00e7\u00e3o&#8230; <strong>A vida flui inevitavelmente<\/strong>, com maiores ou menores percal\u00e7os, com mais ou menos correnteza, com mais ou menos pedras e obst\u00e1culos. <strong>O rio flui inevitavelmente em dire\u00e7\u00e3o ao Mar<\/strong>. Nossos <em><a href=\"http:\/\/www.mindsoultrainer.com\/?page_id=2475\"><strong>ciclos de vida<\/strong><\/a><\/em> v\u00e3o se sucedendo e a vida flui inevitavelmente em dire\u00e7\u00e3o ao Universo, ao Todo. Este rio \u00e9 uma oportunidade \u00fanica para nossa alma percorr\u00ea-lo, aprendendo com os desafios e supera\u00e7\u00f5es que ele nos imp\u00f5e. Independente do trajeto que escolhamos entre seus afluentes, sempre haver\u00e1 aprendizados e sempre voltaremos ao Mar. Podem ser caminhos mais longos, mais curtos, quedas \u00edngremes ou suaves. <\/p>\n\n\n\n<p>Escolher <strong>&#8220;bons afluentes&#8221;<\/strong> nos ajuda a ter experi\u00eancias mais proveitosas. Da\u00ed a import\u00e2ncia de refletirmos sobre o que queremos desta vida? Que afluentes podem nos trazer uma jornada mais proveitosa. <strong><em>A vida \u00e9 feita de escolhas e decis\u00f5es. Escolhemos e decidimos a todo momento. Cada uma destas escolhas nos leva por afluentes e caminhos distintos, por\u00e9m ao final o destino \u00e9 sempre o mesmo, o Mar. <\/em><\/strong><\/p>\n\n\n<div class=\"wp-block-image is-style-default\">\n<figure class=\"aligncenter\"><img decoding=\"async\" src=\"https:\/\/www.xamanismo.com.br\/wp-content\/uploads\/2018\/05\/xamanismo-ianimais-de-poder-IV03.jpg\" alt=\"\"\/><figcaption class=\"wp-element-caption\"><em>Medicina Xam\u00e2nica<\/em><\/figcaption><\/figure><\/div>\n\n\n<h2 class=\"wp-block-heading has-medium-font-size\">Este sou Eu: uma aposta \u00fanica<\/h2>\n\n\n\n<p>Certa vez, quando visitei os Andes, tive a oportunidade de me encontrar com um descendente dos Incas, para uma consulta sobre o meu Mapa Xam\u00e2nico. Logo no in\u00edcio da conversa, ele me disse o seguinte: &#8220;Voc\u00ea \u00e9 uma aposta \u00fanica do Universo. Cada pessoa que passa por aqui \u00e9 uma aposta \u00fanica do Universo. N\u00e3o existe dois iguais. Existe uma expectativa do Criador, de que voc\u00ea possa atrav\u00e9s desta combina\u00e7\u00e3o de vari\u00e1veis que o tornam \u00fanico, criar coisas que tornem este mundo melhor. Se voc\u00ea entregar um mundo melhor do que aquele que recebeu, essa aposta do Criador ter\u00e1 sido bem sucedida. Agora vou ajud\u00e1-lo a conhecer suas habilidades&#8230;&#8221; e come\u00e7ou a interpretar meu mapa Xam\u00e2nico, uma roda de medicina xam\u00e2nica. Essa conversa ficou marcada na minha alma. N\u00e3o esquecerei jamais. Naquele momento, ele resumiu o prop\u00f3sito da nossa vida: um caminho individual com prop\u00f3sito coletivo. <strong>A nossa experi\u00eancia na vida, na mat\u00e9ria, serve para que possamos individualmente compreender a import\u00e2ncia do Todo. Sim, \u00e9 um Paradoxo, de fato. Enquanto voc\u00ea \u00e9 Tudo, n\u00e3o consegue claramente perceber a contribui\u00e7\u00e3o de um indiv\u00edduo. Enquanto voc\u00ea \u00e9 um indiv\u00edduo, \u00e9 dif\u00edcil perceber que voc\u00ea faz parte de um Todo. Em outras palavras, Enquanto voc\u00ea \u00e9 um Oceano, n\u00e3o d\u00e1 import\u00e2ncia \u00e0s suas gotas. Enquanto voc\u00ea \u00e9 uma gota, voc\u00ea se esquecesse que no fundo, voc\u00ea \u00e9 o pr\u00f3prio Oceano&#8230;<\/strong><\/p>\n\n\n\n<div class=\"wp-block-group\"><div class=\"wp-block-group__inner-container is-layout-flow wp-block-group-is-layout-flow\">\n<p><\/p>\n\n\n\n<div class=\"wp-block-group has-background\" style=\"background-color:#fcf3f1\"><div class=\"wp-block-group__inner-container is-layout-flow wp-block-group-is-layout-flow\">\n<figure class=\"wp-block-embed is-type-video is-provider-youtube wp-block-embed-youtube aligncenter wp-embed-aspect-16-9 wp-has-aspect-ratio\"><div class=\"wp-block-embed__wrapper\">\n<iframe loading=\"lazy\" title=\"The Greatest Showman Cast - This Is Me (Official Lyric Video)\" width=\"500\" height=\"281\" src=\"https:\/\/www.youtube.com\/embed\/CjxugyZCfuw?feature=oembed\" frameborder=\"0\" allow=\"accelerometer; autoplay; clipboard-write; encrypted-media; gyroscope; picture-in-picture; web-share\" referrerpolicy=\"strict-origin-when-cross-origin\" allowfullscreen><\/iframe>\n<\/div><figcaption class=\"wp-element-caption\"><em>Este(a) sou Eu &#8211; Keala Settle, The Greatest Showman Ensemble<\/em><\/figcaption><\/figure>\n\n\n\n<div class=\"wp-block-columns is-layout-flex wp-container-core-columns-is-layout-9d6595d7 wp-block-columns-is-layout-flex\">\n<div class=\"wp-block-column is-layout-flow wp-block-column-is-layout-flow\">\n<p style=\"font-size:8px\"><em>I am not a stranger to the dark<br>Hide away, they say<br>&#8216;Cause we don&#8217;t want your broken parts<br>I&#8217;ve learned to be ashamed of all my scars<br>Run away, they say<br>No one&#8217;ll love you as you are<br>But I won&#8217;t let them break me down to dust<br>I know that there&#8217;s a place for us<br>For we are glorious<br>When the sharpest words wanna cut me down<br>I&#8217;m gonna send a flood, gonna drown &#8216;em out<br>I am brave, I am bruised<br>I am who I&#8217;m meant to be, this is me<br>Look out &#8216;cause here I come<br>And I&#8217;m marching on to the beat I drum<br>I&#8217;m not scared to be seen<br>I make no apologies, this is me<br>Oh-oh-oh-oh<br>Oh-oh-oh-oh<br>Oh-oh-oh-oh<br>Oh-oh-oh-oh<br>Oh-oh-oh, oh-oh-oh, oh-oh-oh, oh, oh<br>Another round of bullets hits my skin<br>Well, fire away &#8216;cause today, I won&#8217;t let the shame sink in<br>We are bursting through the barricades and<br>Reaching for the sun (we are warriors)<br>Yeah, that&#8217;s what we&#8217;ve become (yeah, that&#8217;s what we&#8217;ve become)<br>I won&#8217;t let them break me down to dust<br>I know that there&#8217;s a place for us<br>For we are glorious<br>When the sharpest words wanna cut me down<br>I&#8217;m gonna send a flood, gonna drown &#8216;em out<br>I am brave, I am bruised<br>I am who I&#8217;m meant to be, this is me<br>Look out &#8216;cause here I come<br>And I&#8217;m marching on to the beat I drum<br>I&#8217;m not scared to be seen<br>I make no apologies, this is me<br>Oh-oh-oh-oh<br>Oh-oh-oh-oh<br>Oh-oh-oh-oh<br>Oh-oh-oh-oh<br>Oh-oh-oh, oh-oh-oh, oh-oh-oh, oh, oh<br>This is me<br>And I know that I deserve your love<br>(Oh-oh-oh-oh) There&#8217;s nothing I&#8217;m not worthy of<br>(Oh-oh-oh, oh-oh-oh, oh-oh-oh, oh, oh)<br>When the sharpest words wanna cut me down<br>I&#8217;m gonna send a flood, gonna drown &#8216;em out<br>This is brave, this is bruised<br>This is who I&#8217;m meant to be, this is me<br>Look out &#8216;cause here I come (look out &#8216;cause here I come)<br>And I&#8217;m marching on to the beat I drum (marching on, marching, marching on)<br>I&#8217;m not scared to be seen<br>I make no apologies, this is me<br>When the sharpest words wanna cut me down<br>I&#8217;m gonna send a flood, gonna drown &#8216;em out<br>I&#8217;m gonna send a flood<br>Gonna drown &#8216;em out<br>Oh<br>This is me<\/em><\/p>\n<\/div>\n\n\n\n<div class=\"wp-block-column is-layout-flow wp-block-column-is-layout-flow\">\n<p style=\"font-size:8px\"><em>Eu n\u00e3o sou um estranho no escuro<br>Esconda-se, eles dizem<br>Porque n\u00e3o queremos suas pe\u00e7as quebradas<br>Eu aprendi a ter vergonha de todas as minhas cicatrizes<br>Fuja, eles falam<br>Ningu\u00e9m vai te amar como voc\u00ea \u00e9<br>Mas eu n\u00e3o vou deix\u00e1-los me transformar em p\u00f3<br>Eu sei que h\u00e1 um lugar para n\u00f3s<br>Pois somos gloriosos<br>Quando as palavras mais afiadas querem me cortar<br>Vou enviar uma inunda\u00e7\u00e3o, vou afog\u00e1-los<br>Eu sou corajoso, estou machucado<br>Eu sou quem devo ser, esta sou eu<br>Cuidado porque aqui vou eu<br>E eu estou marchando no ritmo que eu toco<br>N\u00e3o tenho medo de ser vista<br>Eu n\u00e3o pe\u00e7o desculpas, sou eu<br>Oh-oh-oh-oh<br>Oh-oh-oh-oh<br>Oh-oh-oh-oh<br>Oh-oh-oh-oh<br>Oh-oh-oh, oh-oh-oh, oh-oh-oh, oh, oh<br>Outra rodada de balas atinge minha pele<br>Bem, comece a falar porque hoje, eu n\u00e3o vou deixar a vergonha penetrar<br>Estamos rompendo as barricadas e<br>Alcan\u00e7ando o sol (somos guerreiros)<br>Sim, \u00e9 isso que nos tornamos (sim, \u00e9 isso que nos tornamos)<br>Eu n\u00e3o vou deixar eles me transformarem em p\u00f3<br>Eu sei que h\u00e1 um lugar para n\u00f3s<br>Pois somos gloriosos<br>Quando as palavras mais afiadas querem me cortar<br>Vou enviar uma inunda\u00e7\u00e3o, vou afog\u00e1-los<br>Eu sou corajoso, estou machucado<br>Eu sou quem devo ser, esta sou eu<br>Cuidado porque aqui vou eu<br>E eu estou marchando no ritmo que eu toco<br>N\u00e3o tenho medo de ser vista<br>Eu n\u00e3o pe\u00e7o desculpas, sou eu<br>Oh-oh-oh-oh<br>Oh-oh-oh-oh<br>Oh-oh-oh-oh<br>Oh-oh-oh-oh<br>Oh-oh-oh, oh-oh-oh, oh-oh-oh, oh, oh<br>Este sou eu<br>E eu sei que eu mere\u00e7o o seu amor<br>(Oh-oh-oh-oh) N\u00e3o h\u00e1 nada que eu n\u00e3o seja digno<br>(Oh-oh-oh, oh-oh-oh, oh-oh-oh, oh, oh)<br>Quando as palavras mais afiadas querem me cortar<br>Vou enviar uma inunda\u00e7\u00e3o, vou afog\u00e1-los<br>Isso \u00e9 corajoso, isso est\u00e1 machucado<br>Este \u00e9 quem eu devo ser, este sou eu<br>Cuidado porque aqui vou eu (cuidado porque aqui vou eu)<br>E eu estou marchando no ritmo que eu toco (marchando, marchando, marchando)<br>N\u00e3o tenho medo de ser vista<br>Eu n\u00e3o pe\u00e7o desculpas, sou eu<br>Quando as palavras mais afiadas querem me cortar<br>Vou enviar uma inunda\u00e7\u00e3o, vou afog\u00e1-los<br>Vou enviar uma inunda\u00e7\u00e3o<br>Vou afog\u00e1-los<br>Oh<br>Este sou eu<\/em><\/p>\n<\/div>\n<\/div>\n<\/div><\/div>\n<\/div><\/div>\n\n\n\n<h2 class=\"wp-block-heading has-medium-font-size\">Normose<\/h2>\n\n\n\n<p>Estamos vivendo um momento muito importante em rela\u00e7\u00e3o ao reconhecimento das diferentes formas de express\u00e3o. O reconhecimento do <strong>valor da diversidade<\/strong> na sociedade, nas empresas, tem sido amplificado na \u00faltima d\u00e9cada. Isso permite que cada um possa manifestar sua verdadeira voca\u00e7\u00e3o de forma mais aut\u00eantica e com menos preconceitos, que dificultam a livre express\u00e3o e que as pessoas possam atingir seu potencial m\u00e1ximo. Quando falamos de <strong>autorrealiza\u00e7\u00e3o<\/strong>, para que ela seja poss\u00edvel, \u00e9 importante um ambiente seguro que permita a <strong>cada um entregar o seu melhor, livre de cr\u00edticas e julgamentos.<\/strong> <strong>Preconceitos e vieses inconscientes relativos a g\u00eanero, credo, ra\u00e7a, defici\u00eancias, orienta\u00e7\u00e3o sexual, entre tantos outros, apenas freiam o potencial humano. <\/strong><\/p>\n\n\n\n<p>O termo &#8220;normose&#8221; que ouvi pela primeira vez do saudoso Professor Herm\u00f3genes se referia \u00e0 essa caracter\u00edstica (ou mania?!) do ser humano de querer estereotipar e catalogar a todos segundo padr\u00f5es que alguns julgam ser o normal. <strong>Herm\u00f3genes dizia: &#8220;Deus me livre de ser normal&#8221;<\/strong>. E ele estava corret\u00edssimo neste sentido. Respeitar e acolher a diversidade \u00e9 abrir  possibilidade de pensar diferente, de encontrar novas perspectivas, de encontrar novas solu\u00e7\u00f5es. Como sabiamente disse Albert Einstein:<strong> &#8220;Nenhum problema pode ser resolvido pelo mesmo estado de consci\u00eancia que o criou.&#8221;<\/strong>. Assim, precisamos que cada ser humano possa se manifestar. Talvez  eu n\u00e3o tenha o grau de consci\u00eancia necess\u00e1rio para entender a manifesta\u00e7\u00e3o de outro ser, mas permitindo sua express\u00e3o, eventualmente posso evoluir tamb\u00e9m com isso. Se n\u00e3o permito essa possibilidade, talvez esteja condenando a minha pr\u00f3pria evolu\u00e7\u00e3o.<\/p>\n\n\n\n<p><strong>\u00c9 preciso muita coragem para viver o seu Prop\u00f3sito<\/strong> porque a maioria das pessoas, imersas em suas normoses, tentar\u00e3o afast\u00e1-lo do seu Caminho, projetando em voc\u00ea as suas hist\u00f3rias, experi\u00eancias, frusta\u00e7\u00f5es, preconceitos, falhas e vis\u00f5es distorcidas da realidade, muitas vezes por n\u00e3o conhecerem os seus pr\u00f3prios prop\u00f3sitos. <\/p>\n\n\n\n<p>Gosto de lembrar desta hist\u00f3ria de Bob Marley, que claramente e corajosamente viveu o seu Prop\u00f3sito. Ele acreditava que podia curar o racismo e o \u00f3dio literalmente, injetando apenas m\u00fasica e amor na vida das pessoas. Um dia ele estava programando uma apresenta\u00e7\u00e3o de com\u00edcio pela paz, alguns homens foram a sua casa e atiraram nele. Dois dias depois ele foi at\u00e9 o palco e cantou. Algu\u00e9m perguntou: &#8211; Por qu\u00ea? E ele disse \u201cAs pessoas que tentam tornar esse mundo pior n\u00e3o tiram um dia de folga. Como poderia eu tirar?<\/p>\n\n\n\n<p>O estere\u00f3tipo de que todos precisam ser &#8220;pessoas normais&#8221; apenas drena o potencial do ser humano. Cada ser humano \u00e9 \u00fanico. Acreditar que as pessoas precisam ser &#8220;normais&#8221; \u00e9 uma afronta \u00e0s infinitas possibilidades de uma pessoa vir a ser. Quem acha que uma pessoa &#8220;diferente&#8221; n\u00e3o \u00e9 coisa de Deus, n\u00e3o conhece verdadeiramente a Deus.  Yogi Bhajan dizia: &#8220;If you can&#8217;t see God in all, you can&#8217;t see God at all&#8221;. &#8220;Se voc\u00ea n\u00e3o pode ver Deus em todas as coisas, ent\u00e3o voc\u00ea n\u00e3o pode ver Deus de forma alguma&#8221;. Somos diversos, fomos feitos diversos. Na diversidade est\u00e1 a riqueza. Quando destruimos nossa fauna e flora, destru\u00edmos nossa diversidade nos tornamos mais pobres, abrimos m\u00e3o de encontrar a cura para enfermidades, deixamos de aprender com o que o Criador colocou a nossa disposi\u00e7\u00e3o. Quem enxerga o Divino verdadeiramente n\u00e3o subtrai, apenas soma.<\/p>\n\n\n\n<blockquote class=\"wp-block-quote is-style-default is-layout-flow wp-block-quote-is-layout-flow\">\n<p>&#8220;<strong><em>If you can&#8217;t see God in all, you can&#8217;t see God at all<\/em><\/strong>&#8220;<\/p>\n<cite>Yogi Bhajan<\/cite><\/blockquote>\n\n\n\n<p><\/p>\n\n\n\n<p>Quando todos estiverem realizando seus pr\u00f3prios Prop\u00f3sitos, de forma livre, sem amarra\u00e7\u00f5es, julgamentos e cataloga\u00e7\u00f5es, quando todos viverem os seus &#8220;Swadharmas&#8221;, certamente estaremos criando a obra prima divina aqui na Terra. Ningu\u00e9m deveria ser obrigado a viver uma vida que n\u00e3o \u00e9 a sua, esteoreotipada, sequestrada, por outra pessoa que se julga sabedora da vida do outro, sem sequer conhecer a sua pr\u00f3pria. Assim, como Shri Krishna diz a Arjuna na Baghavad Gita: <em>&#8220;\u00c9 muito melhor cumprir o dever prescrito natural de algu\u00e9m, embora com um monte de falhas, do que cumprir o dever prescrito de outro, embora perfeitamente. Na verdade, \u00e9 prefer\u00edvel morrer no cumprimento de um dever do que seguir o caminho de outro, o que \u00e9 um perigo&#8221;<\/em>.  Seguir um caminho que n\u00e3o \u00e9 o seu \u00e9 um perigo.<\/p>\n\n\n\n<div class=\"wp-block-group has-background\" style=\"background-color:#f4f4ee\"><div class=\"wp-block-group__inner-container is-layout-flow wp-block-group-is-layout-flow\"><div class=\"wp-block-image is-style-default\">\n<figure class=\"aligncenter is-resized\"><img decoding=\"async\" src=\"https:\/\/candeia.vteximg.com.br\/arquivos\/ids\/208410-1000-1000\/2183.png?v=637009673985970000\" alt=\"Bhagavad Gita ( pensamento ) - Candeia Mobile\" style=\"width:297px;height:297px\"\/><\/figure><\/div>\n\n\n<blockquote class=\"wp-block-quote is-style-default is-layout-flow wp-block-quote-is-layout-flow\">\n<p>&#8220;<strong><em>\u00c9 muito melhor cumprir o dever prescrito natural de algu\u00e9m, embora com um monte de falhas, do que cumprir o dever prescrito de outro, embora perfeitamente. Na verdade, \u00e9 prefer\u00edvel morrer no cumprimento de um dever do que seguir o caminho de outro, &#8230; o que \u00e9  um perigo<\/em><\/strong>&#8220;<\/p>\n<cite><em>Bhagavad Gita, cap\u00edtulo 3, vers\u00edculo 35<\/em><\/cite><\/blockquote>\n<\/div><\/div>\n\n\n\n<p><\/p>\n\n\n\n<h2 class=\"wp-block-heading has-medium-font-size\">O que \u00e9 o Dharma ?!<\/h2>\n\n\n\n<p>Quando falamos de Oceano, da Meta, do Alvo, de onde queremos chegar, \u00e9 interessante entender, inicialmente, o conceito de Dharma, conforme as tradi\u00e7\u00f5es do Oriente.<\/p>\n\n\n<div class=\"wp-block-image is-style-default\">\n<figure class=\"aligncenter is-resized\"><img decoding=\"async\" src=\"https:\/\/upload.wikimedia.org\/wikipedia\/commons\/d\/df\/Dharma_Wheel.svg\" alt=\"Darma (budismo) \u2013 Wikip\u00e9dia, a enciclop\u00e9dia livre\" style=\"width:287px;height:287px\"\/><figcaption class=\"wp-element-caption\"><em>A roda do Dharma no Budismo<\/em><\/figcaption><\/figure><\/div>\n\n\n<p>Conforme dissemos, <strong>a tradu\u00e7\u00e3o literal de Dharma \u00e9 agir de acordo com as Leis Divinas, segundo aquilo que sustenta<\/strong>. N\u00e3o \u00e9 \u00e0 toa que todas as tradi\u00e7\u00f5es religiosas ou n\u00e3o, tem suas doutrinas e dogmas, ou alguma forma direta de orientar sobre o que fazer e o que n\u00e3o fazer. Os dez mandamentos do antigo testamento, os cinco mandamentos dos islamismo, os <a href=\"http:\/\/www.mindsoultrainer.com\/?p=405\">Yamas <\/a>e <a href=\"http:\/\/www.mindsoultrainer.com\/?p=877\">Niyamas <\/a>do <a href=\"http:\/\/www.mindsoultrainer.com\/?p=334\">caminho \u00f3ctuplo do Raja Yoga<\/a> que vimos aqui, Embora existam muitas diferen\u00e7as entre as v\u00e1rias tradi\u00e7\u00f5es no mundo, tamb\u00e9m existem pontos convergentes. <strong>Quando buscamos a felicidade, independente de por onde come\u00e7amos, em geral nos deparamos com algumas verdades absolutas e comuns \u00e0s tradi\u00e7\u00f5es s\u00e9rias. <\/strong>Diz-se, que a <strong>espiritualidade \u00e9 como uma esfera, onde a Meta encontra-se no seu centro, mas para chegar a ela pode-se iniciar a jornada por qualquer ponto da superf\u00edcie, ou seja, muitos caminhos, um mesmo destino.<\/strong> No Budismo, por exemplo, apesar de existirem v\u00e1rias tradi\u00e7\u00f5es budistas, existem <strong>4(quatro) poderosas reflex\u00f5es<\/strong>, comuns a todas elas, resumidas pelo Budismo Tibetano, conforme abaixo:<\/p>\n\n\n\n<div class=\"wp-block-group\"><div class=\"wp-block-group__inner-container is-layout-flow wp-block-group-is-layout-flow\">\n<div class=\"wp-block-group has-background\" style=\"background-color:#f6f4f0\"><div class=\"wp-block-group__inner-container is-layout-flow wp-block-group-is-layout-flow\">\n<ol class=\"wp-block-list\">\n<li><strong>Preciosidade do Nascimento Humano<\/strong> &#8211; que basicamente est\u00e1 resumido na hist\u00f3ria que ouvi deste ancestral inca, dito sob uma outra tradi\u00e7\u00e3o, mas com mesmo significado.<\/li>\n\n\n\n<li>A <strong>Imperman\u00eancia<\/strong> &#8211; tudo muda e \u00e9 passageiro, nada \u00e9 est\u00e1tico e definitivo, a vida \u00e9 energia, a energia \u00e9 din\u00e2mica. &#8220;Tudo passagem, tudo passando&#8221; \u00e9 a frase que meu querido amigo Marco Schultz gosta de repetir. Tamb\u00e9m me lembra a hist\u00f3ria de Chico Xavier com seu bilhete de cabeceira de cama: &#8220;Isto tamb\u00e9m vai passar&#8221;, que ele lia todas as noites antes de dormir, independente de como tinha sido o seu dia, bom ou ruim, qualquer que fosse a situa\u00e7\u00e3o, seu significado era sempre verdadeiro. Tudo \u00e9 impermanente. Nada tem fim, nem a morte. A morte \u00e9 o come\u00e7o da vida e vida \u00e9 o fim de outra morte. \u00c9 preciso morrer para poder ressuscitar. E \u00e9 preciso nascer para poder morrer. Buddha falou da 8(oito) grandes vicissitudes da vida:\n<ul class=\"wp-block-list\">\n<li>Prazer e dor<\/li>\n\n\n\n<li>Ganho e perda<\/li>\n\n\n\n<li>Elogio e acusa\u00e7\u00e3o<\/li>\n\n\n\n<li>Fama e m\u00e1 reputa\u00e7\u00e3o<\/li>\n<\/ul>\n<\/li>\n\n\n\n<li><strong>A Lei do Karma<\/strong> &#8211; a compreens\u00e3o de que tudo o que fazemos ou deixamos de fazer tem um efeito &#8211; todas as nossas a\u00e7\u00f5es ou ina\u00e7\u00f5es t\u00eam consequ\u00eancias. Somos herdeiros de nossas pr\u00f3prias a\u00e7\u00f5es. Karma significa a\u00e7\u00e3o. Atrav\u00e9s da a\u00e7\u00e3o realizamos as coisas, boas ou ruins. Karma \u00e9 chamado &#8220;luz do mundo&#8221; porque nossas a\u00e7\u00f5es iluminam os caminhos pelos quais nossas vidas se desdobram. A motiva\u00e7\u00e3o de nossa evolu\u00e7\u00e3o de consci\u00eancia \u00e9 o que determina mais profundamente o resultado de qualquer a\u00e7\u00e3o. O que est\u00e1 por tr\u00e1s do que fazemos? do que decidimos fazer? Qual a real inten\u00e7\u00e3o?  Diante da import\u00e2ncia da motiva\u00e7\u00e3o torna-se <strong>essencial conhecermos de fato: o que nos motiva?! \u00c9 necess\u00e1rio uma tremenda coragem, honestidade e boa vontade para examinar o fundo dos nossos cora\u00e7\u00f5es, estando atentos e conscientes, e n\u00e3o agindo por h\u00e1bitos e condicionamentos. Sem saber quais s\u00e3o as nossas motiva\u00e7\u00f5es, sem autoconhecimento, n\u00e3o existe consist\u00eancia em nossa evolu\u00e7\u00e3o.<\/strong><\/li>\n\n\n\n<li><strong>Falhas do Samsara<\/strong> &#8211; Samsara, do s\u00e2nscrito-devanagari: \u0938\u0902\u0938\u093e\u0930, significa &#8220;perp\u00e9tuo vaguear&#8221;, ou vaguear por infinitos e intermin\u00e1veis ciclos de exist\u00eancia. Circulamos atrav\u00e9s de todos os reinos de exist\u00eancia, do mais elevado at\u00e9 o mais baixo, conforme nossos n\u00edveis de consci\u00eancia &#8211; at\u00e9 emergirmos do sonho da ignor\u00e2ncia.  Esse samsara se refere n\u00e3o apenas ao entendimento da nossa exist\u00eancia, mas a cada momento e a cada decis\u00e3o iludida que tomamos ao longo da vida. Se estamos agindo sem consci\u00eancia, estamos ampliando os ciclos de samsara. Tudo na exist\u00eancia tem l\u00f3gica, se estamos inconscientes e tomamos decis\u00f5es equivocadas essa a\u00e7\u00e3o (karma) n\u00e3o alinhado com a Verdade, com o Dharma, nos leva a situa\u00e7\u00f5es de novamente experimentar sofrimentos para que possamos ter outra oportunidade de entendimento e de evolu\u00e7\u00e3o de consci\u00eancia. \u00c9 como se repet\u00edssemos de ano, e tiv\u00e9ssemos que aprender novamente, at\u00e9 que finalmente, compreendemos e nos tornamos mestres naquela mat\u00e9ria.<\/li>\n<\/ol>\n<\/div><\/div>\n<\/div><\/div>\n\n\n\n<p>Essas 4(quatro) reflex\u00f5es s\u00e3o importantes para entendimento do nosso Prop\u00f3sito, do Dharma, do alinhamento da nossa vida na Reta e Correta dire\u00e7\u00e3o. Do contr\u00e1rio, estamos a todo momento, tomando decis\u00f5es aleat\u00f3rias e equivocadas, que nos levam a errar o alvo, a nos afastar da Verdade. <\/p>\n\n\n\n<p>No Dharma unificado do Budismo Ocidental, resume-se m\u00e9todo, express\u00e3o e ess\u00eancia da seguinte forma:<\/p>\n\n\n\n<ul class=\"wp-block-list\">\n<li>O <strong>M\u00e9todo<\/strong> \u00e9 a <strong>Consci\u00eancia Desperta<\/strong>, a chave do <strong>Presente<\/strong>, <a href=\"http:\/\/www.mindsoultrainer.com\/?p=2300\">Mindfulness <\/a>(sobre o qual investigamos na \u00faltima publica\u00e7\u00e3o)<\/li>\n\n\n\n<li>A <strong>Express\u00e3o <\/strong>\u00e9 a <strong>Compaix\u00e3o<\/strong>, quando nos abrimos para acolher o sofrimento, nos permitimos agir sobre a causa deste sofrimento e temos possibilidade de cura. Ao relaxar e ser gentil com tudo e todos, voc\u00ea j\u00e1 estar\u00e1 curando a si e aos demais.<\/li>\n\n\n\n<li>A <strong>Ess\u00eancia <\/strong>\u00e9 a <strong>Sabedoria<\/strong>, a sabedoria de compreender o que causa o sofrimento nos permite agir sobre as mesmas e minar o combust\u00edvel que o alimenta. Entendendo a natureza n\u00e3o permanente das coisas, nos permitimos desapegar delas e libertar a mente para aquilo que simplesmente \u00c9. <\/li>\n<\/ul>\n\n\n\n<p>Para que cada um possa viver o seu Prop\u00f3sito, \u00e9 necess\u00e1ria uma mente atenta, para que possa permear a sabedoria em identific\u00e1-lo e a compaix\u00e3o para permitir que os pr\u00f3ximos possam vivenciar tamb\u00e9m os seus pr\u00f3prios prop\u00f3sitos, sem a sua interfer\u00eancia, os seus julgamentos e dedos que apontam. Como diz o ditado popular: &#8220;Deus deu a vida a cada um, para que possam cuidar, cada um, da sua pr\u00f3pria&#8221;. O Dharma precisa ser vivenciado. As constata\u00e7\u00f5es acima somente podem ser poss\u00edveis se voc\u00ea as vivenciar. Do contr\u00e1rio s\u00e3o apenas palavras jogadas ao vento.  <\/p>\n\n\n\n<div class=\"wp-block-group has-background\" style=\"background-color:#f3f6f7\"><div class=\"wp-block-group__inner-container is-layout-flow wp-block-group-is-layout-flow\"><div class=\"wp-block-image is-style-default\">\n<figure class=\"aligncenter is-resized\"><img decoding=\"async\" src=\"https:\/\/wallpapercave.com\/wp\/wp2564698.jpg\" alt=\"Gautam Buddha HD Wallpapers - Wallpaper Cave\" style=\"width:511px;height:352px\"\/><figcaption class=\"wp-element-caption\"><em>Sidarta Gautama, o Buddha<\/em><\/figcaption><\/figure><\/div>\n\n\n<blockquote class=\"wp-block-quote is-style-default is-layout-flow wp-block-quote-is-layout-flow\">\n<p><em><strong>N\u00e3o acredite em algo simplesmente porque todos falam a respeito. N\u00e3o acredite em algo simplesmente porque est\u00e1 escrito em seus livros religiosos. N\u00e3o acredite em algo s\u00f3 porque seus professores e mestres dizem que \u00e9 verdade. N\u00e3o acredite em tradi\u00e7\u00f5es s\u00f3 porque foram passadas de gera\u00e7\u00e3o em gera\u00e7\u00e3o. Mas, depois de muita an\u00e1lise e observa\u00e7\u00e3o, se voc\u00ea v\u00ea que algo concorda com a raz\u00e3o e que conduz ao bem e benef\u00edcio de todos, aceite-o e viva-o.<\/strong>                      [Sidarta Gautama, Buddha]<\/em><\/p>\n<\/blockquote>\n<\/div><\/div>\n\n\n\n<p>Quando falamos de cada um viver verdadeiramente o seu pr\u00f3prio  prop\u00f3sito, a partir do alicerce da Lei Divina, o Dharma, e compreendendo que suas  a\u00e7\u00f5es, o Karma, s\u00e3o as que nos movem na dire\u00e7\u00e3o do nosso destino, come\u00e7amos a introduzir o conceito de Swadharma.<\/p>\n\n\n<div class=\"wp-block-image is-style-default\">\n<figure class=\"aligncenter is-resized\"><img decoding=\"async\" src=\"https:\/\/cdn.pensador.com\/img\/authors\/pa\/bl\/pablo-picasso-l.jpg\" alt=\"Pablo Picasso - Pensador\" style=\"width:323px;height:425px\"\/><figcaption class=\"wp-element-caption\"><em>O Significado da Vida \u00e9 encontrar o seu Dom, o Prop\u00f3sito da Vida \u00e9 do\u00e1-Lo <\/em><\/figcaption><\/figure><\/div>\n\n\n<div class=\"wp-block-group has-background\" style=\"background-color:#f5f5fb\"><div class=\"wp-block-group__inner-container is-layout-flow wp-block-group-is-layout-flow\"><div class=\"wp-block-image is-style-default\">\n<figure class=\"aligncenter\"><img decoding=\"async\" src=\"https:\/\/www.10wallpaper.com\/wallpaper\/1366x768\/1701\/Target_arrows_darts-Sports_Poster_HD_Wallpaper_1366x768.jpg\" alt=\"Setas alvo flechas-Desporto Poster HD Wallpaper Visualiza\u00e7\u00e3o |  10wallpaper.com\"\/><figcaption class=\"wp-element-caption\"><em>Swadharma, o seu alvo<\/em><\/figcaption><\/figure><\/div>\n\n\n<h2 class=\"wp-block-heading has-normal-font-size\">Swadharma<\/h2>\n\n\n\n<p>Quando falamos de Prop\u00f3sito, nos remetemos imediatamente a uma palavra na tradi\u00e7\u00e3o oriental: <strong>Swadharma<\/strong>. O termo Swadharma \u00e9 composto de duas palavras &#8211; Swa e Dharma. <\/p>\n\n\n\n<ul class=\"wp-block-list\">\n<li>Swa: pr\u00f3prio, ou a si mesmo<\/li>\n\n\n\n<li>Dharma: a raiz &#8216;dhri&#8217; em s\u00e2nscrito significa &#8216;segurar ou sustentar ou transportar &#8216;, ou seja &#8220;Aquilo que Sustenta&#8221;, ou seja &#8220;A A\u00e7\u00e3o Reta e Correta&#8221;, &#8220;A Conduta L\u00edcita&#8221;, segundo as Leis Divinas<\/li>\n<\/ul>\n\n\n\n<p>Juntas podem ser interpretadas como a conduta leg\u00edtima do Self, do indiv\u00edduo. Portanto, o termo envolve uma receita para o indiv\u00edduo  &#8220;agir conforme a Lei Divina&#8221;.  <\/p>\n\n\n\n<p>Vamos explorar melhor esse conceito. Poder\u00edamos esperar que uma mangueira produzisse ma\u00e7\u00e3s ao inv\u00e9s de mangas e uma macieira vice-versa?! Conseguimos encontrar, por a\u00ed, abelhas fazendo alguma outra coisa al\u00e9m de coletar o n\u00e9ctar das flores e retornar \u00e0 colmeia para transform\u00e1-lo em mel. Plantas, animais, rios, oceanos e montanhas parecem estar todos realizando suas pr\u00f3prias tarefas com base na natureza do que s\u00e3o feitos, n\u00e3o \u00e9 assim?!   Todos estes seres s\u00e3o observados na natureza realizando seu Swadharma &#8211; ou seja o seu pr\u00f3prio prop\u00f3sito para o qual existem. <\/p>\n\n\n\n<p>N\u00e3o deveria ser similar para n\u00f3s seres humanos? Sim, desde que aceitemos e vivenciemos o nosso Swadharma. Pois diferente de todos os demais seres, temos o chamado <strong><em>&#8220;livre arb\u00edtrio&#8221;<\/em><\/strong>, ou seja condi\u00e7\u00f5es de definir nossas motiva\u00e7\u00f5es, nossas a\u00e7\u00f5es, enfim nosso destino. Mas, como sabemos,: &#8220;muitos poderes, muitas responsabilidades&#8221;&#8230;. ao mesmo tempo que temos esta autonomia, justamente a mesma nos leva facilmente a &#8220;errar o alvo&#8221;, pois, estamos agindo agora segundo nossa pr\u00f3pria compreens\u00e3o da realidade, que c\u00e1 entre n\u00f3s \u00e9 bastante limitada e enviesada. <\/p>\n<\/div><\/div>\n\n\n\n<div class=\"wp-block-group has-background\" style=\"background-color:#eff4f7\"><div class=\"wp-block-group__inner-container is-layout-flow wp-block-group-is-layout-flow\">\n<p><em><strong>&#8220;N\u00e3o se acostume com o que n\u00e3o o faz feliz, revolte-se quando julgar necess\u00e1rio.<br>Alague seu cora\u00e7\u00e3o de esperan\u00e7as, mas n\u00e3o deixe que ele se afogue nelas.<br>Se achar que precisa voltar, volte!<br>Se perceber que precisa seguir, siga!<br>Se estiver tudo errado, comece novamente.<br>Se estiver tudo certo, continue.<br>Se sentir saudades, mate-a.<br>Se perder um amor, n\u00e3o se perca!<br>Se o achar, segure-o!&#8221;<\/strong><\/em><\/p>\n\n\n\n<p class=\"has-text-align-right\">[Poema da Felicidade &#8211; Fernando Pessoa]<\/p>\n<\/div><\/div>\n\n\n\n<p>Ent\u00e3o podemos dizer que nosso desafio como seres humanos \u00e9 conseguir <strong>encontrar o nosso caminho, a que fomos predestinados a ser, e ter a correta e reta compreens\u00e3o sobre cada a\u00e7\u00e3o que realizamos, e conseguir decidir exatamente como o faria o &#8220;Ser mais perfeito&#8221; ou &#8220;Deus&#8221; ou a &#8220;Consci\u00eancia Absoluta&#8221; agiria na mesma situa\u00e7\u00e3o<\/strong>. Ter uma vida divina e iluminada significa encontrar por si a Consci\u00eancia Absoluta e decidir a partir dela. Isto \u00e9 seguir o Dharma, a ordem correta das coisas.<\/p>\n\n\n\n<p>No momento em que um ser humano aceita seu pr\u00f3prio Swadharma, sua a\u00e7\u00e3o torna-se f\u00e1cil. Independentemente da dificuldade da tarefa, a capacidade de realizar vem naturalmente, porque assim e para isto foi concebido. Neste sentido, <strong>Swadharma tamb\u00e9m \u00e9 traduzido como &#8220;a\u00e7\u00e3o sem esfor\u00e7o&#8221;<\/strong>.  Para algumas pessoas, como m\u00fasicos, artistas, atletas, matem\u00e1ticos  que desde a primeira inf\u00e2ncia j\u00e1 se percebem certas habilidades muito acima da m\u00e9dia. Para outras, contudo, custa mais a identificar suas habilidades. Nem sempre \u00e9 f\u00e1cil identificar, mas existem pistas. Por exemplo, reflita sobre aquilo que voc\u00ea faz bem, facilmente e relativamente com pouco esfor\u00e7o. Aquilo que voc\u00ea poderia passar sua noite fazendo, sem se alimentar, sem dormir, e ainda assim seguiria fazendo bem, e com prazer, porque faz parte de voc\u00ea, da sua natureza, porque voc\u00ea se sente plenamente realizado quando executa. A\u00ed est\u00e1 a sua pista. <\/p>\n\n\n\n<p>Desapego<\/p>\n\n\n\n<p>Swadharma, a\u00e7\u00e3o sem esfor\u00e7o, obviamente somente acontece quando voc\u00ea faz algo, simplesmente porque tem que fazer, e n\u00e3o esperando algo em troca ou algum resultado sobre a sua a\u00e7\u00e3o. Desapego ao resultado \u00e9 uma forma de fazer um excelente <em>crosscheck <\/em>se voc\u00ea est\u00e1 atuando no seu Swadharma ou desviado do seu alvo por ilus\u00f5es impermanentes.<\/p>\n\n\n\n<div class=\"wp-block-group has-background\" style=\"background-color:#f6f4f2\"><div class=\"wp-block-group__inner-container is-layout-flow wp-block-group-is-layout-flow\"><div class=\"wp-block-image is-style-default\">\n<figure class=\"aligncenter\"><img decoding=\"async\" src=\"https:\/\/www.revistaprosaversoearte.com\/content\/uploads\/2018\/05\/Jal%C3%A2l-ad-Din-R%C3%BBm%C3%AE-14-696x391.jpg\" alt=\"\"\/><\/figure><\/div>\n\n\n<blockquote class=\"wp-block-quote is-style-default is-layout-flow wp-block-quote-is-layout-flow\">\n<p><em><strong>Viva na parte alguma de onde voc\u00ea veio, embora tenha um endere\u00e7o aqui<\/strong><\/em><\/p>\n<cite>[Rumi]<\/cite><\/blockquote>\n<\/div><\/div>\n\n\n\n<p><\/p>\n\n\n\n<h2 class=\"wp-block-heading has-normal-font-size\">Como encontro o meu Prop\u00f3sito? Como encontro meu Swadharma?<\/h2>\n\n\n\n<div class=\"wp-block-group has-background\" style=\"background-color:#fbf4ed\"><div class=\"wp-block-group__inner-container is-layout-flow wp-block-group-is-layout-flow\"><div class=\"wp-block-image is-style-default\">\n<figure class=\"aligncenter\"><img decoding=\"async\" src=\"https:\/\/upload.wikimedia.org\/wikipedia\/commons\/7\/7e\/Szymborska_2011_%282%29.jpg\" alt=\"\"\/><figcaption class=\"wp-element-caption\">Maria Wis\u0142awa Anna Szymborska (1923~2012, Crac\u00f3via) <em>escritora polaca premiada com o Pr\u00e9mio Nobel em literatura em 1996. Sua extensa obra, traduzida em 36 l\u00ednguas, foi caracterizada como &#8220;poesia que, com precis\u00e3o ir\u00f3nica, permite que o contexto hist\u00f3rico e biol\u00f3gico se manifeste em fragmentos da realidade humana&#8221;, referenciada como Mozart da poesia<\/em><\/figcaption><\/figure><\/div>\n\n\n<blockquote class=\"wp-block-quote is-style-default is-layout-flow wp-block-quote-is-layout-flow\">\n<p><strong><em>H\u00e1 tanto tudo, que o Nada fica muito bem escondido&#8230;<\/em><\/strong><\/p>\n<cite>Wislawa Szymborska<\/cite><\/blockquote>\n\n\n\n<p>Essa frase de Wislawa Szymborska define bem como o excesso de est\u00edmulos e alternativas a explorar nesta vida terrena nos desvia do nosso Prop\u00f3sito e nos impede de &#8220;enxergar&#8221; nosso verdadeiro Alvo, nossa Miss\u00e3o, nosso Prop\u00f3sito.<\/p>\n<\/div><\/div>\n\n\n\n<p>Encontrar seu prop\u00f3sito, seu Swadharma, a sua raz\u00e3o nesta exist\u00eancia, \u00e0s vezes n\u00e3o \u00e9 uma tarefa simples e nem sempre muito clara, muitas vezes confusa. <strong>Cada pessoa \u00e9 \u00fanica e assim sente, enxerga, ouve, vivencia sua experi\u00eancia de maneira \u00fanica. <\/strong><\/p>\n\n\n\n<p>Existem <strong>diversas ferramentas de autoconhecimento<\/strong>, que nos ajudam a <strong>identificar nossas habilidades, voca\u00e7\u00f5es e Prop\u00f3sito. <\/strong>Obviamente, sendo este um dos principais objetivos deste espa\u00e7o, falaremos certamente de v\u00e1rias delas ao longo das publica\u00e7\u00f5es. <strong>Exemplos de ferramentas: Teste de Personalidade, Eneagrama, DISC, Ikigai, Teste Vocacional, Yoga &amp; Medita\u00e7\u00e3o, Mapa Astrologico, Mapa Xamanico, I-Ching. Quiromancia, Numerologia, Estudo de Arqu\u00e9tipos, Tarot, entre muitos outros. <\/strong>Como podem notar, alguns mais <strong>&#8220;politicamente corretos&#8221;<\/strong>, normalmente encontrados nas \u00e1reas de RH das empresas <strong>e outros mais &#8220;diversos&#8221;<\/strong>, para quem leu os par\u00e1grafos anteriores e tem a disponibilidade do n\u00e3o julgamento, est\u00e1 livre de vieses inconscientes e mentes julgadoras e catalogadoras. <\/p>\n\n\n<div class=\"wp-block-image is-style-default\">\n<figure class=\"aligncenter\"><img decoding=\"async\" src=\"https:\/\/static.wixstatic.com\/media\/b07ad2_c0cb2189f24641c1b819abf57e4b6e07~mv2.png\/v1\/fill\/w_578,h_399\/b07ad2_c0cb2189f24641c1b819abf57e4b6e07~mv2.png\" alt=\"Encontre seu ikigai: o conceito japon\u00eas para a longevidade plena e saud\u00e1vel\"\/><figcaption class=\"wp-element-caption\">Ikigai &#8211; raz\u00e3o para ser<\/figcaption><\/figure><\/div>\n\n\n<p><strong>Ikigai <\/strong>(em japon\u00eas: <strong>\u751f\u304d\u7532\u6590)<\/strong> \u00e9 uma palavra japonesa que significa <strong>&#8220;raz\u00e3o de viver&#8221;<\/strong>, &#8220;objeto de <strong>prazer para viver<\/strong>&#8221; ou &#8220;<strong>for\u00e7a motriz para viver<\/strong>&#8220;. Ikigai \u00e9 um estilo de vida que busca <strong>Harmonia, Longevidade e a Satisfa\u00e7\u00e3o Plena nas diferentes \u00e1reas da vida<\/strong>, permitindo assim alcan\u00e7ar a Raz\u00e3o de Ser ou Prop\u00f3sito para a sua exist\u00eancia. N\u00e3o se trata de definir o ser humano por meio de seu trabalho (algo que poderia soar como alienante e utilitarista). Pelo contr\u00e1rio, a proposta da filosofia Ikigai \u00e9 a \u201cdesaliena\u00e7\u00e3o\u201d do trabalho enquanto obriga\u00e7\u00e3o social, para uma vis\u00e3o mais humana, na qual podemos encontrar sentido e satisfa\u00e7\u00e3o naquilo que realizamos.<\/p>\n\n\n\n<p>Estas ferramentas podem ser muito adequadas a determinadas e nada adequadas a outra pessoa, porque gra\u00e7as a Deus, todas as pessoas s\u00e3o diferentes, de forma que <strong>o que pode fazer muito sentido para uma pessoa, pode n\u00e3o fazer nenhum sentido para outra pessoa<\/strong>. E o mais importante: est\u00e1 tudo bem. O ideal \u00e9 <strong>experimentar, vivenciar algumas, v\u00e1rias, at\u00e9 que, em algum momento, alguma destas possa abrir uma possibilidade, um campo favor\u00e1vel para que voc\u00ea possa perceber, se compreender, se identificar.<\/strong> A partir desta abertura, uma investiga\u00e7\u00e3o, uma compreens\u00e3o, come\u00e7a a ser poss\u00edvel. Diz-se no oriente que &#8220;O mestre indica o caminho, mas \u00e9 voc\u00ea mesmo quem precisa trilh\u00e1-lo&#8221;.<\/p>\n\n\n\n<blockquote class=\"wp-block-quote is-style-default is-layout-flow wp-block-quote-is-layout-flow\">\n<p>&#8220;<strong><em>O celeiro foi destru\u00eddo por um inc\u00eandio&#8230;  Agora posso ver a Lua&#8230;<\/em><\/strong>&#8220;<\/p>\n<cite>Masahide<\/cite><\/blockquote>\n\n\n\n<p>Qualquer que seja a ferramenta, contudo, a primeira atitude \u00e9 abertura. Somente \u00e9 poss\u00edvel criar uma condi\u00e7\u00e3o mental favor\u00e1vel, se estivermos abertos ao diferente, sem pr\u00e9-conceitos, sem &#8220;verdades&#8221; pr\u00e9-definidas, que lhe foram ditas, impostas, mas que, de verdade, voc\u00ea nunca vivenciou por si mesmo. Em geral, <strong>quando come\u00e7amos a vivenciar, a experimentar por n\u00f3s mesmos, vamos nos dando conta do quanto est\u00e1vamos iludidos, equivocados, simplificados, manipulados. Essas descobertas nem sempre s\u00e3o tranquilas, mas s\u00e3o necess\u00e1rias<\/strong>. <strong><em>Desilus\u00e3o<\/em><\/strong>, por exemplo \u00e9 uma palavra interessante. Quando ouvimos algu\u00e9m dizer que est\u00e1 desiludido, sentimos que a pessoa esteja triste, magoada, infeliz. Mas, na verdade, essa pessoa deveria estar imensamente feliz pois: de que vale uma vida de ilus\u00e3o, de mentiras. Melhor uma desilus\u00e3o dolorida, a uma ilus\u00e3o eterna. &#8220;<strong>Desilus\u00e3o \u00e9 deixar ir a ilus\u00e3o<\/strong>&#8221; <em>[Marco Schultz, Simplesmente Yoga]<\/em>, \u00e9 acolher que estivemos iludidos, e agora n\u00e3o mais estamos. Qualquer trabalho em autoconhecimento, pressup\u00f5e esta honesta abertura. Do contr\u00e1rio, n\u00e3o \u00e9 sincero, n\u00e3o \u00e9 verdadeiro e n\u00e3o o levar\u00e1 a lugar algum que voc\u00ea j\u00e1 n\u00e3o esteja, um lugar de ilus\u00e3o.<\/p>\n\n\n\n<div class=\"wp-block-group has-background\" style=\"background-color:#f8f9f6\"><div class=\"wp-block-group__inner-container is-layout-flow wp-block-group-is-layout-flow\"><div class=\"wp-block-image is-style-default\">\n<figure class=\"aligncenter is-resized\"><img decoding=\"async\" src=\"https:\/\/images.fineartamerica.com\/images-medium-large-5\/gandhi-in-color-wayne-pascall.jpg\" alt=\"Mahatma Painting - Gandhi in Color by Wayne Pascall\" style=\"width:402px;height:471px\"\/><figcaption class=\"wp-element-caption\"><strong>Gandhi em Cores<\/strong> &#8211;<em> uma pintura de Wayne Pascall &#8211; <a href=\"https:\/\/fineartamerica.com\/\">fineartamerica.com<\/a><\/em><\/figcaption><\/figure><\/div>\n\n\n<blockquote class=\"wp-block-quote is-style-default is-layout-flow wp-block-quote-is-layout-flow\">\n<p><strong>O prop\u00f3sito da vida \u00e9, sem d\u00favida, conhecer a si mesmo. N\u00e3o podemos fazer isso a menos que aprendamos a nos identificar com tudo o que vive. A soma total dessa vida \u00e9 Deus.<\/strong><\/p>\n<cite>Gandhi<\/cite><\/blockquote>\n<\/div><\/div>\n\n\n\n<p>Ao longo da hist\u00f3ria, o ser humano, a partir do momento que adquiriu consci\u00eancia, sempre buscou entender a raz\u00e3o de ser (ou n\u00e3o ser&#8230; eis a quest\u00e3o), motivo pelo qual ferramentas n\u00e3o faltam,  desde que exista abertura: &#8220;olhos para ver e ouvidos para ouvir&#8221;. <\/p>\n\n\n\n<p>Como disse Fernando Pessoa: &#8221; Valeu a pena? Tudo vale a pena, se a alma n\u00e3o \u00e9 pequena. Quem quer passar al\u00e9m do Bojador, tem que passar al\u00e9m da dor. Deus ao mar o perigo e o abismo deu, mas nele \u00e9 que espelhou o c\u00e9u.&#8221;<\/p>\n\n\n\n<p>Nos vemos em breve \ud83d\ude09<\/p>\n\n\n\n<p><\/p>\n\n\n\n<p>Refer\u00eancias:<\/p>\n\n\n\n<p style=\"font-size:11px\"><em>&#8220;Dharma &#8211; O Caminho da Liberta\u00e7\u00e3o &#8211; O Nascente Budismo Ocidental&#8221; &#8211; Joseph Goldstein &#8211; 2004<\/em><\/p>\n\n\n\n<p style=\"font-size:11px\"><em>&#8220;The Concept of Swadharma &#8211; and Effect on Leadership&#8221;,  Priyanka Dutt, Banasthali Vidyapith, Rajasthan , India<\/em><\/p>\n\n\n\n<p><\/p>\n","protected":false},"excerpt":{"rendered":"<p>Qual o seu Prop\u00f3sito?! Qual o seu Destino?! Voc\u00ea est\u00e1 caminhando na dire\u00e7\u00e3o da sua Autorrealiza\u00e7\u00e3o!? Voc\u00ea ao menos conhece a dire\u00e7\u00e3o?!<\/p>\n","protected":false},"author":8,"featured_media":2489,"comment_status":"open","ping_status":"open","sticky":false,"template":"","format":"standard","meta":{"footnotes":""},"categories":[251,358,24,8,328,359,9,360,5,4],"tags":[372,373,370,127,376,362,366,368,371,363,144,369,367,134,135,361,365,375,374,364],"class_list":["post-2447","post","type-post","status-publish","format-standard","hentry","category-autoconhecimento","category-autorrealizacao","category-ego","category-mente","category-mindfulness","category-proposito","category-alma","category-swadharma","category-familia","category-geral","tag-acao","tag-acaosemesforco","tag-alvo","tag-coragem","tag-desilusao","tag-dharma","tag-diversidade","tag-flowing","tag-goal","tag-ikigai","tag-karma","tag-life","tag-meta","tag-normose","tag-proposito","tag-swadharma","tag-thisisme","tag-unico","tag-vocacao","tag-whoami"],"_links":{"self":[{"href":"https:\/\/www.mindsoultrainer.com\/index.php?rest_route=\/wp\/v2\/posts\/2447","targetHints":{"allow":["GET"]}}],"collection":[{"href":"https:\/\/www.mindsoultrainer.com\/index.php?rest_route=\/wp\/v2\/posts"}],"about":[{"href":"https:\/\/www.mindsoultrainer.com\/index.php?rest_route=\/wp\/v2\/types\/post"}],"author":[{"embeddable":true,"href":"https:\/\/www.mindsoultrainer.com\/index.php?rest_route=\/wp\/v2\/users\/8"}],"replies":[{"embeddable":true,"href":"https:\/\/www.mindsoultrainer.com\/index.php?rest_route=%2Fwp%2Fv2%2Fcomments&post=2447"}],"version-history":[{"count":36,"href":"https:\/\/www.mindsoultrainer.com\/index.php?rest_route=\/wp\/v2\/posts\/2447\/revisions"}],"predecessor-version":[{"id":4715,"href":"https:\/\/www.mindsoultrainer.com\/index.php?rest_route=\/wp\/v2\/posts\/2447\/revisions\/4715"}],"wp:featuredmedia":[{"embeddable":true,"href":"https:\/\/www.mindsoultrainer.com\/index.php?rest_route=\/wp\/v2\/media\/2489"}],"wp:attachment":[{"href":"https:\/\/www.mindsoultrainer.com\/index.php?rest_route=%2Fwp%2Fv2%2Fmedia&parent=2447"}],"wp:term":[{"taxonomy":"category","embeddable":true,"href":"https:\/\/www.mindsoultrainer.com\/index.php?rest_route=%2Fwp%2Fv2%2Fcategories&post=2447"},{"taxonomy":"post_tag","embeddable":true,"href":"https:\/\/www.mindsoultrainer.com\/index.php?rest_route=%2Fwp%2Fv2%2Ftags&post=2447"}],"curies":[{"name":"wp","href":"https:\/\/api.w.org\/{rel}","templated":true}]}}