{"id":3187,"date":"2021-10-21T17:52:59","date_gmt":"2021-10-21T17:52:59","guid":{"rendered":"https:\/\/mindsoultrainer.com\/?p=3187"},"modified":"2024-12-01T23:08:58","modified_gmt":"2024-12-01T23:08:58","slug":"teoria-integral","status":"publish","type":"post","link":"https:\/\/www.mindsoultrainer.com\/?p=3187","title":{"rendered":"Teoria Integral"},"content":{"rendered":"\n<p>Ol\u00e1!<\/p>\n\n\n\n<p>Hoje abordaremos a contribui\u00e7\u00e3o de um dos mais influentes pensadores contempor\u00e2neos, criador da Psicologia e do Movimento Integral. <strong>Kenneth Earl Wilber Jr<\/strong>, ou como ficou mundialmente conhecido, <strong>Ken Wilber<\/strong>. Sua vasta obra busca um elo de liga\u00e7\u00e3o, de integra\u00e7\u00e3o, um mapa entre as mais diversas \u00e1reas do conhecimento e do pensamento. Similar ao que Einstein buscou fazer com as diferentes vertentes da F\u00edsica, Wilber busca uma abordagem capaz de unificar diversas teorias e conhecimentos e formas de pensar do ser humano, formas de entender e interpretar o mudo e o universo, tendo partido do campo da Psicologia, mas seu framework integral tem potencial de rever a forma de pensar sobre praticamente qualquer disciplina.<\/p>\n\n\n<div class=\"wp-block-image\">\n<figure class=\"aligncenter\"><img decoding=\"async\" src=\"https:\/\/universotranspessoal.com.br\/wp-content\/uploads\/2018\/11\/wilber.jpg\" alt=\"\"\/><figcaption class=\"wp-element-caption\"><em>Ken Wilber tem sido chamado de &#8220;Einstein da Consci\u00eancia&#8221; pelo seus esfor\u00e7os em buscar na Vis\u00e3o Integral uma forma de ajudar a evolu\u00e7\u00e3o da consci\u00eancia nos indiv\u00edduos e na sociedade <\/em><\/figcaption><\/figure><\/div>\n\n\n<p>Wilber, nascido no p\u00f3s guerra, em 31 de janeiro de 1949, j\u00e1 foi referenciado pela m\u00eddia mundial como: &#8220;o maior pensador no campo da evolu\u00e7\u00e3o da consci\u00eancia&#8221;, e n\u00e3o sem motivo, como veremos adiante.<\/p>\n\n\n\n<p><\/p>\n\n\n\n<div class=\"wp-block-columns is-layout-flex wp-container-core-columns-is-layout-9d6595d7 wp-block-columns-is-layout-flex\">\n<div class=\"wp-block-column is-layout-flow wp-block-column-is-layout-flow\" style=\"flex-basis:66.66%\"><div class=\"wp-block-image\">\n<figure class=\"aligncenter size-large is-resized\"><img loading=\"lazy\" decoding=\"async\" width=\"699\" height=\"1024\" src=\"https:\/\/mindsoultrainer.com\/wp-content\/uploads\/2021\/11\/image-699x1024.png\" alt=\"\" class=\"wp-image-3353\" style=\"width:-308px;height:-451px\" srcset=\"https:\/\/www.mindsoultrainer.com\/wp-content\/uploads\/2021\/11\/image-699x1024.png 699w, https:\/\/www.mindsoultrainer.com\/wp-content\/uploads\/2021\/11\/image-205x300.png 205w, https:\/\/www.mindsoultrainer.com\/wp-content\/uploads\/2021\/11\/image-768x1126.png 768w, https:\/\/www.mindsoultrainer.com\/wp-content\/uploads\/2021\/11\/image-400x586.png 400w, https:\/\/www.mindsoultrainer.com\/wp-content\/uploads\/2021\/11\/image.png 971w\" sizes=\"auto, (max-width: 699px) 100vw, 699px\" \/><\/figure><\/div><\/div>\n\n\n\n<div class=\"wp-block-column is-layout-flow wp-block-column-is-layout-flow\" style=\"flex-basis:33.33%\">\n<p><\/p>\n\n\n\n<p><\/p>\n\n\n\n<p><\/p>\n\n\n\n<p><em>O Mapa Astral de Ken Wilber &#8211; de natureza coletivista (Sol em Aqu\u00e1rio), e com a miss\u00e3o de mostrar logicamente e materialmente a Verdade e a Justi\u00e7a (Ascendente em Libra), e com uma pitada sonhadora m\u00edstica (Lua em Peixes) &#8211; uma combina\u00e7\u00e3o especial<\/em><\/p>\n<\/div>\n<\/div>\n\n\n\n<p>Buscando conhecer mais sobre a abordagem Integral, fiz recentemente o curso &#8220;A Vis\u00e3o Integral de Ken Wilber&#8221; com o muito querido <strong><a href=\"https:\/\/www.ariraynsford.com.br\/\">professor Ary Raynsford <\/a><\/strong>pelo <strong><a href=\"https:\/\/institutointegralbrasil.com.br\/\">Instituto Integral<\/a><\/strong>, o que me fez me interessar ainda mais pela disciplina, que se alinha perfeitamente \u00e0 minha compreens\u00e3o sobre os caminhos de evolu\u00e7\u00e3o do ser humano e de nossa sociedade. <strong>Ari Raynsford&nbsp;<\/strong>\u00e9 Doutor em Engenharia Nuclear e Mestre em Engenharia Mec\u00e2nica pelo Massachusetts Institute of Technology (MIT) e Engenheiro Naval pela Escola Polit\u00e9cnica da Universidade de S\u00e3o Paulo. Estudioso da obra de Ken Wilber h\u00e1 29 anos, nos \u00faltimos 21 anos tem se dedicado a divulg\u00e1-la, ministrando cursos e palestras, coordenando grupos de estudo e traduzindo livros e artigos. Abaixo um trecho do filme document\u00e1rio &#8220;Eu Maior&#8221;, onde Ary \u00e9 um dos entrevistados e comenta sobre a busca da Felicidade pelo ser humano. <\/p>\n\n\n\n<figure class=\"wp-block-embed is-type-video is-provider-youtube wp-block-embed-youtube wp-embed-aspect-16-9 wp-has-aspect-ratio\"><div class=\"wp-block-embed__wrapper\">\n<iframe loading=\"lazy\" title=\"EU MAIOR (Higher Self)\" width=\"500\" height=\"281\" src=\"https:\/\/www.youtube.com\/embed\/V0gquwUQ-b0?feature=oembed\" frameborder=\"0\" allow=\"accelerometer; autoplay; clipboard-write; encrypted-media; gyroscope; picture-in-picture; web-share\" referrerpolicy=\"strict-origin-when-cross-origin\" allowfullscreen><\/iframe>\n<\/div><\/figure>\n\n\n\n<p><\/p>\n\n\n\n<p><\/p>\n\n\n\n<p><strong>Ken Wilber tem uma vasta obra com mais de 30 <a href=\"https:\/\/www.ariraynsford.com.br\/livros.html\">livros <\/a>publicados<\/strong>, alguns traduzidos ao portugu\u00eas pelo professor Ary e outros, de forma que obviamente \u00e9 imposs\u00edvel, em um \u00fanico texto como este, descrever a grandiosidade de sua obra. <em>Apenas o professor Ary tem mais de 10 (dez) anos dedicados a estudar sua obra e como ele mesmo diz: ainda aprendendo<\/em>, enquanto Ken Wilber segue produzindo novos conte\u00fados, n\u00e3o apenas em livros, mas em confer\u00eancias, palestras, aplica\u00e7\u00e3o da Teoria Integral nos diversos campos do saber e da sociedade. O objetivo aqui talvez seja oferecer um primeiro lampejo e a potencialidade da vis\u00e3o Integral, buscando despertar curiosidade e interesse pelo tema, e quem sabe ser mais uma pessoa a incorporar essa fant\u00e1stica vis\u00e3o \u00e3 sua forma de viver e e agir, seja na vida pessoal, nas suas rela\u00e7\u00f5es, na sua profiss\u00e3o, na sua vida. <\/p>\n\n\n\n<p>Grande parte deste texto foi transcrito (com algumas contribui\u00e7\u00f5es nossas) a partir de uma apresenta\u00e7\u00e3o que o pr\u00f3prio Ken Wilber realizou no <em>Success 3.0 Summit em outubro de 2014 em Boulder, Colorado, EUA<\/em>, onde ele resumiu a abordagem integral, de forma extremamente clara, e com exemplos diretos, que nos interessam muito aqui neste espa\u00e7o do <strong><em>@mindsoultrainer.<\/em><\/strong> Espero que disfrutem. <\/p>\n\n\n\n<p><\/p>\n\n\n\n<p><\/p>\n\n\n<div class=\"wp-block-image\">\n<figure class=\"aligncenter size-large is-resized\"><a href=\"https:\/\/www.gaia.com\/share\/ckvfu8bag00420jmshm3l0o22?rfd=jbYQBA&amp;language[]=en\"><img loading=\"lazy\" decoding=\"async\" width=\"1024\" height=\"531\" src=\"https:\/\/mindsoultrainer.com\/wp-content\/uploads\/2021\/10\/image-1-1024x531.png\" alt=\"\" class=\"wp-image-3237\" style=\"width:840px;height:435px\" srcset=\"https:\/\/www.mindsoultrainer.com\/wp-content\/uploads\/2021\/10\/image-1-1024x531.png 1024w, https:\/\/www.mindsoultrainer.com\/wp-content\/uploads\/2021\/10\/image-1-300x155.png 300w, https:\/\/www.mindsoultrainer.com\/wp-content\/uploads\/2021\/10\/image-1-768x398.png 768w, https:\/\/www.mindsoultrainer.com\/wp-content\/uploads\/2021\/10\/image-1-1200x622.png 1200w, https:\/\/www.mindsoultrainer.com\/wp-content\/uploads\/2021\/10\/image-1-1250x648.png 1250w, https:\/\/www.mindsoultrainer.com\/wp-content\/uploads\/2021\/10\/image-1-400x207.png 400w, https:\/\/www.mindsoultrainer.com\/wp-content\/uploads\/2021\/10\/image-1.png 1370w\" sizes=\"auto, (max-width: 1024px) 100vw, 1024px\" \/><\/a><figcaption class=\"wp-element-caption\"> <em> Success 3.0 Summit &#8211; out\/2014 &#8211; Boulder, Colorado, EUA  <\/em><\/figcaption><\/figure><\/div>\n\n\n<p class=\"has-large-font-size\"><strong>Introduzindo a Teoria Integral<\/strong><\/p>\n\n\n\n<p>A<strong> inspira\u00e7\u00e3o de Ken Wilber<\/strong> para desenvolver a Teoria Integral foi a de buscar <strong>criar um mapa<\/strong>. Em suas pr\u00f3prias palavras: &#8220;Como descobrimos quais mapas s\u00e3o os melhores, os mais precisos  ou mesmo os menos errados? Pegando <strong>todos os grandes mapas importantes que os humanos j\u00e1 fizeram<\/strong>, e usando-os para <strong>preencher as lacunas<\/strong> ou imprecis\u00f5es deixadas pelos outros, resultando assim num mapa composto, mais completo poss\u00edvel, um <strong><em>mapa total, um &#8220;super mapa&#8221;<\/em><\/strong>.<\/p>\n\n\n<div class=\"wp-block-image\">\n<figure class=\"aligncenter is-resized\"><img decoding=\"async\" src=\"https:\/\/images.pexels.com\/photos\/4172291\/pexels-photo-4172291.jpeg?auto=compress&amp;cs=tinysrgb&amp;h=750&amp;w=1260\" alt=\"Foto profissional gr\u00e1tis de acess\u00f3rio, Am\u00e9rica, antigo\" style=\"width:483px;height:322px\"\/><figcaption class=\"wp-element-caption\"><em>um mapa&#8230;<\/em><\/figcaption><\/figure><\/div>\n\n\n<p>Imagine <em>juntar o mais relevante conhecimento humano: econ\u00f4mico, pol\u00edtico, moral, art\u00edstico, m\u00e9dico, arqueol\u00f3gico, cient\u00edfico, espiritual, e assim por diante&#8230;, num mapa \u00fanico<\/em>. Parece imposs\u00edvel? N\u00e3o para Ken Wilber. Mas que tipos de verdades cont\u00eam cada um deste mapas, como essas \u00e1reas podem ser contatadas e ativadas, crescidas e desenvolvidas em cada um de n\u00f3s? <\/p>\n\n\n<div class=\"wp-block-image\">\n<figure class=\"aligncenter size-full is-resized\"><img loading=\"lazy\" decoding=\"async\" width=\"581\" height=\"271\" src=\"https:\/\/mindsoultrainer.com\/wp-content\/uploads\/2021\/10\/image-2.png\" alt=\"\" class=\"wp-image-3329\" style=\"width:365px;height:170px\" srcset=\"https:\/\/www.mindsoultrainer.com\/wp-content\/uploads\/2021\/10\/image-2.png 581w, https:\/\/www.mindsoultrainer.com\/wp-content\/uploads\/2021\/10\/image-2-300x140.png 300w, https:\/\/www.mindsoultrainer.com\/wp-content\/uploads\/2021\/10\/image-2-400x187.png 400w\" sizes=\"auto, (max-width: 581px) 100vw, 581px\" \/><\/figure><\/div>\n\n\n<p>Este<strong> mapa objetiva unir as dimens\u00f5es cient\u00edficas e espirituais, individuais e coletivas, dimens\u00f5es interiores e exteriores<\/strong>. Inclui medita\u00e7\u00e3o ou contempla\u00e7\u00e3o de diferentes tradi\u00e7\u00f5es, que embora diferentes, possuem semelhan\u00e7as not\u00e1veis ao redor do mundo e universalmente objetivam coisas similares como: Ilumina\u00e7\u00e3o, Despertar, Satori,  A Grande Libera\u00e7\u00e3o, ou Identidade Suprema.<\/p>\n\n\n\n<p><\/p>\n\n\n\n<p>De fato, essa abordagem j\u00e1 inspirou <strong>teses de doutorado em mais de 60 disciplinas<\/strong> humanas usando a estrutura integral, e em cada uma delas isso produziu <strong>resultados muito satisfat\u00f3rios seja em: Medicina Integral, Economia Integral, Arquitetura Integral, Neg\u00f3cio Integral, Lideran\u00e7a integral, Relacionamentos Integrais, Consultoria Integral entre diversos outros<\/strong>, oferecendo um caminho alternativo para <strong>buscar SOLU\u00c7\u00d5ES PARA PROBLEMAS EXTREMAMENTE COMPLEXOS<\/strong> do mundo de hoje. O modelo integral busca reunir e conciliar vis\u00f5es fragmentadas, parciais e isoladas. Essas abordagens mais inclusivas e abrangentes est\u00e3o se mostrando muito mais capazes de fornecer cursos de a\u00e7\u00e3o que podem realmente funcionar no mundo real complexo global entrela\u00e7ado e interconectado. <\/p>\n\n\n\n<blockquote class=\"wp-block-quote is-style-large has-animator custom-topmargin custom-bottommargin is-layout-flow wp-block-quote-is-layout-flow\">\n<p>&#8220;Voc\u00ea nunca mudar\u00e1 as coisas lutando contra a realidade existente. Para mudar algo, construa um novo modelo que torne o modelo existente obsoleto.  <\/p>\n<cite><em>[R. Buckminster Fuller]<\/em><\/cite><\/blockquote>\n\n\n\n<p class=\"has-large-font-size\"><strong>O Mapa Integral <\/strong><\/p>\n\n\n\n<p>A figura abaixo abaixo busca reunir da forma mais did\u00e1tica poss\u00edvel (dada a complexidade do &#8220;Super Mapa&#8221;) todos os <strong>elementos da Teoria Integral<\/strong>, idealizada por Ken Wilber, a partir do seu \u00e1rduo trabalho de &#8220;juntar os fragmentos&#8221; espalhados pelo espa\u00e7o e tempo da hist\u00f3ria dispon\u00edvel: Pr\u00e9 Moderna, Moderna e P\u00f3s Moderna, ocidente e oriente, diferentes compreens\u00f5es do mundo e do universo. Como veremos em mais detalhes abaixo, o mapa cont\u00e9m <em><strong>&#8220;All Quadrants, All Lines, All Levels, All States, All Types&#8221;<\/strong><\/em>, ou sejam diferentes dimens\u00f5es que comp\u00f5e a realidade. <strong>Quadrantes <\/strong>falam da rela\u00e7\u00e3o do ser humano e com os demais nas suas intera\u00e7\u00f5es e experi\u00eancias. <strong>Linhas <\/strong>s\u00e3o as de desenvolvimento nos diversos campos do conhecimento. <strong>N\u00edveis <\/strong>s\u00e3o os diversos n\u00edveis de desenvolvimento pelo qual passa inevitavelmente o ser humano em qualquer processo de evolu\u00e7\u00e3o\/aprendizado. <strong>Estados <\/strong>s\u00e3o os de consci\u00eancia, i.e., com quais sentidos percebemos o mundo. E <strong>Tipos <\/strong>s\u00e3o interpreta\u00e7\u00f5es qualitativamente diferentes sobre as demais dimens\u00f5es como masculino e feminino ou vis\u00f5es arquet\u00edpicas ou energ\u00e9ticas. <\/p>\n\n\n<div class=\"wp-block-image\">\n<figure class=\"aligncenter is-resized\"><a href=\"https:\/\/www.ariraynsford.com.br\/uploads\/2\/7\/3\/5\/2735270\/mapa-aqal-port.jpg\"><img decoding=\"async\" src=\"https:\/\/www.ariraynsford.com.br\/uploads\/2\/7\/3\/5\/2735270\/mapa-aqal-port.jpg\" alt=\"\" style=\"width:871px;height:586px\"\/><\/a><figcaption class=\"wp-element-caption\"><em><strong>Mapa com os 5 componentes AQAL &#8211; Teoria Integral de Ken Wilber<\/strong><\/em><\/figcaption><\/figure><\/div>\n\n\n<p><\/p>\n\n\n\n<p><strong>Abrang\u00eancia do Mapa Integral<\/strong><\/p>\n\n\n\n<p>Para exemplificar a abordagem dos 5 componentes do Mapa Integral de Ken Wilber, ele apresenta, como <strong>Aplica\u00e7\u00e3o direta<\/strong>, o entendimento sobre  as principais <strong>Teorias de Gest\u00e3o e Lideran\u00e7a de Neg\u00f3cios<\/strong>. <\/p>\n\n\n\n<p>Diz Ken Wilber: Os pesquisadores geralmente concordam que existem hoje pelo menos  <strong>4 (quatro) tipos principais de abordagens de gerenciamento de neg\u00f3cios<\/strong>:  <\/p>\n\n\n\n<ul class=\"wp-block-list\">\n<li><strong>Teoria X<\/strong><\/li>\n\n\n\n<li><strong>Teoria Y<\/strong><\/li>\n\n\n\n<li><strong>Gest\u00e3o da Cultura<\/strong><\/li>\n\n\n\n<li><strong>Teoria de Sistemas<\/strong><\/li>\n<\/ul>\n\n\n<div class=\"wp-block-image\">\n<figure class=\"aligncenter size-full is-resized\"><img loading=\"lazy\" decoding=\"async\" width=\"700\" height=\"352\" src=\"https:\/\/mindsoultrainer.com\/wp-content\/uploads\/2021\/10\/douglas-mcgregor.jpeg\" alt=\"\" class=\"wp-image-5169\" style=\"width:597px;height:auto\"\/><figcaption class=\"wp-element-caption\"><em>Douglas McGregor (1906-1964) desenvolveu a Teoria X e Teoria Y, que abordam dois estilos diferentes de lideran\u00e7a<\/em><\/figcaption><\/figure><\/div>\n\n\n<p class=\"has-medium-font-size\"><strong>Teoria X<\/strong><\/p>\n\n\n\n<p>Se concentra no <strong>trabalhador individual <\/strong>e no <strong>seu produto individual<\/strong> &#8211; de uma<strong> forma anal\u00edtica exterior objetiva<\/strong>, concentra-se na <strong>recompensa e puni\u00e7\u00e3o individual<\/strong>, a motiva\u00e7\u00e3o da &#8220;cenoura&#8221; e tamb\u00e9m d\u00e1 aten\u00e7\u00e3o ao produto individual e \u00e0s <strong>medidas de controle de qualidade<\/strong>. O indiv\u00edduo e suas medidas e controle de qualidade exteriores s\u00e3o o foco principal aqui. A abordagem da &#8220;cenoura&#8221; ainda \u00e9 um tipo prim\u00e1rio de gerenciamento no mundo dos neg\u00f3cios de hoje. <strong>Comando e Controle.<\/strong><\/p>\n\n\n\n<p class=\"has-medium-font-size\"><strong>Teoria Y<\/strong><\/p>\n\n\n\n<p>Olha para o <strong>interior dos indiv\u00edduos<\/strong>, o que deixa f<strong>uncion\u00e1rios e l\u00edderes felizes e  motivados<\/strong>, como eles podem encontrar <strong>significado em seu trabalho,<\/strong> como seus empregos podem fornecer <strong>valor e prop\u00f3sito<\/strong> em suas vidas, como o local de trabalho pode se tornar uma fonte de engajamento alegre. A <strong>hierarquia de Maslow<\/strong> \u00e9 freq\u00fcentemente apontada a esse respeito, parece que os <strong>indiv\u00edduos em crescimento desenvolvem-se por meio de uma hierarquia alinhada de necessidades em sequ\u00eancia, s\u00e3o: necessidades fisiol\u00f3gicas, necessidades de seguran\u00e7a, necessidades de autorealiza\u00e7\u00e3o e autotranscend\u00eancia.<\/strong> Conforme um n\u00edvel inferior emerge e \u00e9 satisfeito, ent\u00e3o a pr\u00f3xima necessidade superior pode emergir e assim por diante. <\/p>\n\n\n\n<p>O ponto \u00e9 que os indiv\u00edduos t\u00eam diferentes necessidades, e motiva\u00e7\u00f5es em diferentes est\u00e1gios de crescimento e desenvolvimento, e os <strong>indiv\u00edduos em diferentes est\u00e1gios de necessidades ser\u00e3o motivados a trabalhar por raz\u00f5es muito diferentes,<\/strong> e seus <strong><em>indiv\u00edduos em diferentes est\u00e1gios precisam ser administrados e administrados de maneiras muito diferentes. <\/em><\/strong><\/p>\n\n\n\n<p><strong>Indiv\u00edduos com necessidade de autorrealiza\u00e7\u00e3o<\/strong> entendem que significado no trabalho \u00e9 mais importante do quanto eles s\u00e3o pagos para trabalhar, Ent\u00e3o, significado e valor, n\u00e3o sal\u00e1rio, \u00e9 o mais importante para eles. Wilber lembra que h\u00e1 alguns anos, a Gallup fez uma pesquisa mundial em 155 pa\u00edses, perguntando \u00e0s pessoas: o que era mais importante para sua felicidade? Na maioria das vezes a resposta dada <strong>n\u00e3o era dinheiro, nem fam\u00edlia nem casamento ou fama<\/strong>. Em vez disso, foi citado <strong>&#8220;um bom trabalho&#8221; significativo, com prop\u00f3sito e que fosse valorizado<\/strong>. O CEO da Gallup afirmou que : &#8220;&#8230; o que mundo inteiro deseja \u00e9 um bom trabalho. Esta \u00e9 uma das descobertas mais importantes que o Gallup j\u00e1 fez, <strong>no entanto, estudos mostram consistentemente que no Ocidente menos de 1\/3 de todos os funcion\u00e1rios est\u00e3o engajados ou felizes com seus empregos&#8221;<\/strong>. Essa \u00e9 uma estat\u00edstica horr\u00edvel. Bem isso \u00e9 sobre o que a <strong>Teoria Y trata: o interior dos indiv\u00edduos \u00e9 o ingrediente mais importante. Tenha uma gest\u00e3o empresarial que satisfa\u00e7a as necessidades e impulsos intr\u00ednsecos dos funcion\u00e1rios individuais e voc\u00ea ter\u00e1 uma empresa bem-sucedida e feliz. <\/strong><\/p>\n\n\n\n<p><\/p>\n\n\n\n<div class=\"wp-block-columns is-layout-flex wp-container-core-columns-is-layout-9d6595d7 wp-block-columns-is-layout-flex\">\n<div class=\"wp-block-column is-layout-flow wp-block-column-is-layout-flow\"><div class=\"wp-block-image\">\n<figure class=\"aligncenter is-resized\"><img decoding=\"async\" src=\"https:\/\/www.speakerbookingagency.com\/image\/optimize\/c3RvcmFnZS9jZWxlYnJpdGllcy8xNTQ3NTEyNDAzX2RyLWVkZ2FyLXNjaGVpbi5qcGc=\/267x367\" alt=\"Dr. Edgar Schein's Booking Agent and Speaking Fee - Speaker Booking Agency\" style=\"width:-100px;height:-137px\"\/><\/figure><\/div><\/div>\n\n\n\n<div class=\"wp-block-column is-layout-flow wp-block-column-is-layout-flow\">\n<p><em><strong>Edgard Schein<\/strong>, cientista&nbsp;<strong>PhD em Harvard e professor do MIT<\/strong>,&nbsp;citou o termo Cultura Organizacional pela primeira vez em 1982<\/em>: <em>\u201cCultura organizacional \u00e9 um padr\u00e3o de premissas b\u00e1sicas compartilhadas que foram aprendidas por um grupo, na medida em que resolveram seus problemas de adapta\u00e7\u00e3o externa e integra\u00e7\u00e3o interna\u2026um produto de aprendizado compartilhado\u201d.<\/em><\/p>\n<\/div>\n<\/div>\n\n\n\n<p><\/p>\n\n\n\n<p class=\"has-medium-font-size\"><strong>Gest\u00e3o da Cultura Organizacional<\/strong><\/p>\n\n\n\n<p>Outra abordagem surgida h\u00e1 uma ou duas d\u00e9cadas. <strong>Cultura Organizacional <\/strong>\u00e9, em um certo sentido, o interior de um grupo. S\u00e3o os <strong>valores compartilhados pelo grupo, o prop\u00f3sito do grupo, sua \u00e9tica moral, a compreens\u00e3o m\u00fatua, os h\u00e1bitos compartilhados e vis\u00f5es sobre o o mundo<\/strong>. \u00c9 <strong>o que mant\u00e9m um grupo unido<\/strong>, de dentro, da mesma maneira que seus sistemas exteriores e redes mant\u00eam-se juntos de fora. Todos os indiv\u00edduos existentes em v\u00e1rios grupos: fam\u00edlia, amigos, colegas, \u00e0s vezes, afilia\u00e7\u00f5es religiosas ou pol\u00edticas, tribos, na\u00e7\u00f5es, uma humanidade coletiva. E todos os neg\u00f3cios, como um grupo particular de indiv\u00edduos, t\u00eam uma c<strong>onjunto espec\u00edfico de valores e valores interiores de cultura: coisas, regras e fun\u00e7\u00f5es que mant\u00eam o grupo unido. <\/strong><\/p>\n\n\n\n<p>\u00c0 medida que os especialistas em gest\u00e3o come\u00e7am a estudar o que \u00e9 mais importante na gest\u00e3o de neg\u00f3cios, eles logo se deparam com discuss\u00e3o sobre a cultura da empresa, Como James Heskett, da Harvard Business School, diz: uma cultura forte pode ajudar ou prejudicar o desempenho. <strong>Cultura pode explicar at\u00e9 metade da diferen\u00e7a de lucro entre duas organiza\u00e7\u00f5es no mesmo neg\u00f3cio<\/strong>. <\/p>\n\n\n\n<p><strong>Moldar a Cultura \u00e9 uma das miss\u00f5es mais importantes de um l\u00edder e, como disse um especialista: &#8220;Guiar a cultura \u00e9 o trabalho mais significativo de qualquer l\u00edder. Existe a cultura e todo o resto&#8230;&#8221;.<\/strong> Peter Drucker, o famoso guru da lideran\u00e7a, foi mais direto: &#8220;A Cultura come a Estrat\u00e9gia no caf\u00e9 da manh\u00e3&#8221;, em outras palavras: <strong>Guiar a cultura \u00e9 mais importante do que estrat\u00e9gia de neg\u00f3cios, o planejamento, etc. <\/strong>Em resumo, <strong>gest\u00e3o coletiva \u00e9 gerenciar os interiores do grupo ou coletividade. <\/strong><\/p>\n\n\n\n<p><\/p>\n\n\n\n<div class=\"wp-block-columns is-layout-flex wp-container-core-columns-is-layout-9d6595d7 wp-block-columns-is-layout-flex\">\n<div class=\"wp-block-column is-layout-flow wp-block-column-is-layout-flow\" style=\"flex-basis:33.33%\"><div class=\"wp-block-image\">\n<figure class=\"aligncenter is-resized\"><img decoding=\"async\" src=\"https:\/\/encyclopaedia.herdereditorial.com\/w\/images\/thumb\/5\/55\/Bertalanffy.jpg\/150px-Bertalanffy.jpg\" alt=\"Ludwig von Bertalanffy - Encyclopaedia Herder\" style=\"width:130px;height:194px\"\/><\/figure><\/div><\/div>\n\n\n\n<div class=\"wp-block-column is-layout-flow wp-block-column-is-layout-flow\" style=\"flex-basis:66.66%\">\n<p><em>A Teoria Geral de Sistemas come\u00e7ou a ser estudada em 1950 pelo bi\u00f3logo alem\u00e3o Ludwig von Bertalanffy, que buscava um modelo cient\u00edfico explicativo do comportamento de um organismo vivo, considerando aspectos cient\u00edficos, emp\u00edricos e pragm\u00e1ticos nos sistemas<\/em><\/p>\n<\/div>\n<\/div>\n\n\n\n<p class=\"has-medium-font-size\"><strong>Teoria dos Sistemas<\/strong><\/p>\n\n\n\n<p>A 4\u00aa e \u00faltima teoria principal \u00e9 a escola onde a gest\u00e3o da cultura olha para os interiores do grupo, e encontra os <strong>entrela\u00e7amento das redes de significado e compreens\u00e3o m\u00fatuos e valor<\/strong>. <strong>A <em>Teoria dos Sistemas<\/em> examina os exteriores do grupo, olha para o grupo desde o exterior, de uma forma objetiva, e encontra o <em>entrela\u00e7amento <\/em>nas estruturas de redes interrelacionadas, sistemas, <em>malha f\u00edsica<\/em>.<\/strong><\/p>\n\n\n\n<p>A Teoria dos Sistemas sustenta que <strong>cada indiv\u00edduo \u00e9 definido em Interiores, Redes e Sistemas com Interdepend\u00eancia M\u00fatua e Processos Entrela\u00e7ados.<\/strong> E esses processos e sistemas s\u00e3o de fato reais. Apenas estudando <em>todo o sistema, e n\u00e3o apenas suas partes<\/em>, pode-se chegar a uma verdadeira compreens\u00e3o da situa\u00e7\u00e3o e, portanto, a gest\u00e3o de neg\u00f3cios e a lideran\u00e7a que est\u00e3o focadas na teoria dos sistemas <strong>focam na gest\u00e3o do sistema geral, onde a empresa faz parte de um mercado maior, com o qual faz parte de um sistema maior de teias ambientais e planet\u00e1rias internacionais, e n\u00e3o uma cole\u00e7\u00e3o de indiv\u00edduos atom\u00edsticos separados, divididos em partes. <\/strong><\/p>\n\n\n\n<p class=\"has-medium-font-size\" style=\"font-size:28px\"><strong>Ent\u00e3o&#8230;. qual destas 4 Teorias est\u00e1 correta?!<\/strong><\/p>\n\n\n\n<p><\/p>\n\n\n\n<div class=\"wp-block-columns is-layout-flex wp-container-core-columns-is-layout-9d6595d7 wp-block-columns-is-layout-flex\">\n<div class=\"wp-block-column is-layout-flow wp-block-column-is-layout-flow\" style=\"flex-basis:33.33%\"><div class=\"wp-block-image\">\n<figure class=\"aligncenter is-resized\"><img decoding=\"async\" src=\"https:\/\/quizizz.com\/media\/resource\/gs\/quizizz-media\/quizzes\/29300a96-f1bc-49b9-b7a5-331c2025a1a4?w=200&amp;h=200\" alt=\"All Of The Answers Are Correct Quiz - Quizizz\" style=\"width:-40px;height:-40px\"\/><\/figure><\/div><\/div>\n\n\n\n<div class=\"wp-block-column is-layout-flow wp-block-column-is-layout-flow\" style=\"flex-basis:66.66%\">\n<p><\/p>\n\n\n\n<p>Segundo uma abordagem integral, t<em>odas as 4 est\u00e3o corretas dependendo da vis\u00e3o de realidade que as enxergamos &#8211; <strong>\u00c9 muito mais compreens\u00edvel lidar com Ambiguidade quando adotamos uma abordagem integrativa sobre as diferentes formas de olhar e compreender as manifesta\u00e7\u00f5es <\/strong><\/em><\/p>\n<\/div>\n<\/div>\n\n\n\n<p>De acordo com a <strong><em>Teoria Integral, todos os 4 est\u00e3o corretos<\/em><\/strong>. Seguindo uma abordagem integral, ao inv\u00e9s de perguntar qual dos 4 (quatro) est\u00e1 certo e qual est\u00e1 errado, perguntamos, em vez disso: <strong><em>que vis\u00e3o da realidade<\/em> permitiria a todos eles ter uma pe\u00e7a importante no quebra-cabe\u00e7a geral, na verdade geral dos neg\u00f3cios e da gest\u00e3o<\/strong> <strong>?!?!<\/strong><\/p>\n\n\n\n<p>E depois de estudar centenas de teorias diferentes do moderno pr\u00e9-moderno e tempos p\u00f3s-modernos, a estrutura inicial sugere que, como exemplos de neg\u00f3cios como os acima indicam, <\/p>\n\n\n\n<p><strong>TODOS os fen\u00f4menos podem ser observados por pelo menos 4(quatro) perspectivas ou dimens\u00f5es principais<\/strong>, que chamamos: <strong>Os 4 Quadrantes<\/strong>, abordando o interior e exterior do indiv\u00edduo e da coletividade.<\/p>\n\n\n\n<p class=\"has-large-font-size\"><strong>Estruturas da TEORIA INTEGRAL<\/strong><\/p>\n\n\n\n<p class=\"has-medium-font-size\"><strong>Os 4 Quadrantes<\/strong><\/p>\n\n\n\n<p>Essas s\u00e3o as perspectivas ou dimens\u00f5es que est\u00e3o em tr\u00e2nsito para o cosmos em todos os n\u00edveis de cima para baixo. Qualquer fen\u00f4meno que voc\u00ea observa cont\u00e9m pelo menos as dimens\u00f5es: <strong>interior\/exterior<\/strong> e uma exist\u00eancia <strong>singular (individuais) e plural (coletivas). <\/strong><\/p>\n\n\n\n<p>A figura abaixo mostra uma vers\u00e3o do diagrama padr\u00e3o de quatro quadrantes com alguns elementos em cada quadrante. E novamente, h\u00e1 milhares de elementos em um quadrante, esses s\u00e3o apenas alguns. Voc\u00ea pode ver que cada quadrante tem um espa\u00e7o diferente \u00e9 representado por:<\/p>\n\n\n\n<ul class=\"wp-block-list\">\n<li><strong>I (eu) &#8211; superior esquerdo<\/strong><\/li>\n\n\n\n<li><strong>We (n\u00f3s) &#8211; inferior esquerdo<\/strong><\/li>\n\n\n\n<li><strong>IT (ele\/a) &#8211; superior direito<\/strong><\/li>\n\n\n\n<li><strong>ITS (eles\/as) &#8211; inferior direito<\/strong><\/li>\n<\/ul>\n\n\n<div class=\"wp-block-image\">\n<figure class=\"aligncenter is-resized\"><img decoding=\"async\" src=\"https:\/\/www.researchgate.net\/profile\/Joseph-Voros\/publication\/237770835\/figure\/fig2\/AS:648580884856832@1531645141202\/The-Four-Quadrants-in-detail-up-to-the-level-of-mind-From-Wilber-K-An-Integral.png\" alt=\"The Four Quadrants in detail, up to the level of 'mind'. From: Wilber,... |  Download Scientific Diagram\" style=\"width:425px;height:319px\"\/><\/figure><\/div>\n\n\n<p>Eu, N\u00f3s, Ele (I, WE, IT) aparecem em culturas em todos os lugares adicionar, em tempos pr\u00e9-modernos e p\u00f3s-modernos. S\u00e3o pronomes de primeira, segunda e terceira pessoa, encontrados em todas as l\u00ednguas humanas da natureza, em todo o mundo. A primeira pessoa \u00e9 a pessoa que fala, neste caso o o espa\u00e7o do EU (I). A segunda pessoa, \u00e9 a pessoa com quem se fala ou VOC\u00ca . E voc\u00ea mais Eu, somos N\u00d3S (WE), o espa\u00e7o inferior esquerdo. A terceira pessoa \u00e9 a pessoa ou coisa objetiva de quem se fala (ELE ou ELA), singular no espa\u00e7o superior direito e coletivo no inferior direito. Em outras palavras, <strong>essas men\u00e7\u00f5es est\u00e3o t\u00e3o sempre presentes que todas as l\u00ednguas reconhecem e, no entanto, guerras foram travadas sobre qual desses quadrantes \u00e9 o \u00fanico quadrante real existente. A maioria das Teorias de Gest\u00e3o seleciona apenas um quadrante, um argumento at\u00e9 a morte.  <\/strong><\/p>\n\n\n\n<p>Esta parcialidade e fragmenta\u00e7\u00e3o \u00e9 o que a Teoria Integral busca corrigir, e isso vai para os aspectos negativos, bem como positivos. <em><strong>Se voc\u00ea quiser uma abordagem verdadeiramente inclusiva para qualquer problema, certifique-se e inclua abordagens para todos os 4 (quatro) quadrantes<\/strong>. <\/em> <\/p>\n\n\n\n<p>De fato, se pensarmos bem aqui reside o princ\u00edpio da <strong><em>EMPATIA <\/em><\/strong>&#8211; precisamos enxergar sobre a \u00f3tica do(s) outro(s) para entender determinadas situa\u00e7\u00f5es que sozinho, com minha forma \u00fanica de abordagem e de pensar, nunca conseguiremos entender. Talvez seja o que mais falta no nosso mundo atual para a experi\u00eancia humana paradoxal de individual, mas interdependente do Coletivo.<\/p>\n\n\n\n<p>Em qualquer \u00e1rea disciplina ou aspecto de nossas vidas, se quisermos entender realmente, precisamos levar em considera\u00e7\u00e3o todos os quatro quadrantes ou simplesmente n\u00e3o cobriremos todas as bases importantes com as diferentes realidades. Diferentes tipos de verdade (verdades de &#8220;v&#8221; min\u00fasculo) requerem diferentes m\u00e9todos para se chegar at\u00e9 eles, pedem diferentes valores e diferentes abordagens, e cada quadrante nos diz algo absolutamente essencial, para entender qualquer coisa que estejamos tentando elucidar. O ponto \u00e9 que essas diferentes realidades j\u00e1 existem, elas j\u00e1 est\u00e3o l\u00e1. Existem disciplinas inteiras dedicadas a cada um desses quadrantes. <\/p>\n\n\n\n<p>Cada uma das teorias ocupa um dos quadrantes. <\/p>\n\n\n<div class=\"wp-block-image\">\n<figure class=\"aligncenter size-full is-resized\"><img loading=\"lazy\" decoding=\"async\" width=\"740\" height=\"718\" src=\"https:\/\/mindsoultrainer.com\/wp-content\/uploads\/2021\/10\/image.png\" alt=\"\" class=\"wp-image-3197\" style=\"width:370px;height:359px\" srcset=\"https:\/\/www.mindsoultrainer.com\/wp-content\/uploads\/2021\/10\/image.png 740w, https:\/\/www.mindsoultrainer.com\/wp-content\/uploads\/2021\/10\/image-300x291.png 300w, https:\/\/www.mindsoultrainer.com\/wp-content\/uploads\/2021\/10\/image-40x40.png 40w, https:\/\/www.mindsoultrainer.com\/wp-content\/uploads\/2021\/10\/image-400x388.png 400w\" sizes=\"auto, (max-width: 740px) 100vw, 740px\" \/><\/figure><\/div>\n\n\n<p>Diz Wilber: N\u00e3o \u00e9 uma quest\u00e3o de serem reais ou n\u00e3o, \u00e9 simplesmente uma quest\u00e3o de <strong>estarmos conscientes o suficiente para inclu\u00ed-los <\/strong>ou n\u00e3o; j\u00e1 existem <strong>milhares e milhares de seres humanos racionais e inteligentes passando suas vidas estudando realidades e todos esses quadrantes e nenhum c\u00e9rebro humano \u00e9 capaz de produzir 100% de erro, dizemos que ningu\u00e9m \u00e9 inteligente o suficiente para estar errado o tempo todo<\/strong>. O uso exclusivo de um quadrante \u00e9 verdadeiro, mas parcial, cada um deles tem fatos e dados incrivelmente importantes e informa\u00e7\u00f5es e experi\u00eancias que precisam ser inclu\u00eddos se quisermos nos apresentar totalmente para qualquer quest\u00e3o ou problema. <\/p>\n\n\n\n<p><strong>O universo j\u00e1 est\u00e1 produzindo esses quadrantes, h\u00e1 tempos e em todos os lugares, seremos espertos o suficiente para inclu\u00ed-los tamb\u00e9m?<\/strong> O canto superior direito tem I<strong>mperialismo, Positivismo e Behaviorismo<\/strong>; o canto inferior direito \u00e9 <strong>Teoria de Sistemas e Rede e Ci\u00eancias da Complexidade<\/strong>; o canto esquerdo inferior tem as <strong>Humanidades e a Hermen\u00eautica<\/strong>, a <strong>Investigac\u00e3o Colaborativa e a Etnometodologia<\/strong>;  a esquerda superior tem a <strong>Psicolologia e a Espiritualidade, a Medita\u00e7\u00e3o e Contempla\u00e7\u00e3o, estados da Grande Libera\u00e7\u00e3o e Identidade Suprema<\/strong>. <\/p>\n\n\n\n<p><strong>Como podemos negar os relatos de qualquer um desses?<\/strong><\/p>\n\n\n\n<div class=\"wp-block-group has-background\" style=\"background-color:#ecf6fa\"><div class=\"wp-block-group__inner-container is-layout-flow wp-block-group-is-layout-flow\">\n<p class=\"has-large-font-size has-normal-font-size\"><strong>Nota sobre <\/strong>&#8220;<strong>Capitalismo Consciente<\/strong>&#8220;,  <em>[John Mackey e Raj Sisodia]<\/em><\/p>\n\n\n\n<div class=\"wp-block-columns is-layout-flex wp-container-core-columns-is-layout-9d6595d7 wp-block-columns-is-layout-flex\">\n<div class=\"wp-block-column is-layout-flow wp-block-column-is-layout-flow\" style=\"flex-basis:33.33%\">\n<figure class=\"wp-block-image is-resized\"><img decoding=\"async\" src=\"https:\/\/m.media-amazon.com\/images\/I\/51FZFpDyoAL.jpg\" alt=\"Capitalismo Consciente: O esp\u00edrito heroico dos neg\u00f3cios eBook : Mackey,  John, Sisodia, Rajendra, Ziegelmaier, Rosemarie: Amazon.com.br: Livros\" style=\"width:247px;height:375px\"\/><\/figure>\n<\/div>\n\n\n\n<div class=\"wp-block-column is-layout-flow wp-block-column-is-layout-flow\" style=\"flex-basis:66.66%\">\n<p>Os 4 (quatro) princ\u00edpios fundamentais do Capitalismo Consciente, podem ser vistos como vindo dos 4(quatro) quadrantes, ent\u00e3o, cobrindo todas essas bases. Seus quatro pilares s\u00e3o:<\/p>\n\n\n\n<ul class=\"wp-block-list\">\n<li><strong>Lideran\u00e7a Consciente (quadrante superior esquerdo &#8211; I)<\/strong><\/li>\n\n\n\n<li><strong>Cultura Consciente em Gest\u00e3o (inferior esquerdo &#8211; WE)<\/strong><\/li>\n\n\n\n<li><strong>Prop\u00f3sito Superior e Valores Principais como indicativo de impacto comportamental ou diferen\u00e7a real que voc\u00ea quer fazer no mundo (superior direito &#8211; IT)<\/strong><\/li>\n\n\n\n<li><strong>Integra\u00e7\u00e3o com os Stakeholders ou Integra\u00e7\u00e3o com todos elementos (direito inferior &#8211; Rede sistem\u00e1tica &#8211; ITS)<\/strong><\/li>\n<\/ul>\n\n\n\n<p>Capitalismo Consciente tamb\u00e9m cobre a maioria das outras dimens\u00f5es da estrutura integral,  o que significa que sua abordagem est\u00e1 cobrindo todas as principais \u00e1reas fundamentais necess\u00e1rias  para uma abordagem verdadeiramente inclusiva e abrangente. N\u00e3o  necessariamente significa que eles est\u00e3o certos, poderiam estar todos elementos, e ainda assim, completamente bagun\u00e7ados. <\/p>\n<\/div>\n<\/div>\n<\/div><\/div>\n\n\n\n<p><\/p>\n\n\n\n<p><\/p>\n\n\n\n<p class=\"has-medium-font-size\"><strong>LINHAS DE CRESCIMENTO (GROWING UP)<\/strong><\/p>\n\n\n\n<p>Quase tudo tem uma hist\u00f3ria de desenvolvimento e jornada,  i.e., todas as nossas habilidades capacidades talentos e aptid\u00f5es se desenvolvem. Elas crescem e evoluem de prematuras, incompletas, imaturas para mais desenvolvidas e com funcionamento mais adequado, para formas totalmente desenvolvidas, altamente funcionais e maduras. E h\u00e1 duas descobertas extraordin\u00e1rias a esse respeito, que chamamos de: <strong>N\u00cdVEIS e LINHAS<\/strong> ou <strong>ONDAS E FLUXOS<\/strong>, todas em dire\u00e7\u00e3o ao crescimento.<\/p>\n\n\n\n<ol class=\"wp-block-list\">\n<li><strong>LINHAS (CRESCIMENTO\/DESENVOLVIMENTO) <\/strong>&#8211; Desenvolvimento humano n\u00e3o envolve apenas uma \u00e1rea ou uma intelig\u00eancia &#8211; por muito tempo se acreditou que os humanos tinham apenas uma \u00fanica intelig\u00eancia b\u00e1sica, geralmente chamada de intelig\u00eancia cognitiva e medida pelo importante teste de QI, mas recentemente foi descoberto que os humanos, na verdade t\u00eam ao menos uma d\u00fazia de intelig\u00eancias m\u00faltiplas, \u00e0s vezes chamadas de <strong>LINHAS de DESENVOLVIMENTO<\/strong>, incluindo:<\/li>\n<\/ol>\n\n\n\n<p><\/p>\n\n\n\n<div class=\"wp-block-group ext-max-width ext-maxw-align-center\" style=\"max-width:550px\"><div class=\"wp-block-group__inner-container is-layout-flow wp-block-group-is-layout-flow\">\n\n<ol class=\"wp-block-list\"><li><strong>Cognitivo<\/strong><\/li><li><strong>Emocional<\/strong><\/li><li><strong>Moral<\/strong><\/li><li><strong>Interpessoal<\/strong><\/li><li><strong>Musical<\/strong><\/li><li><strong>Matem\u00e1tica<\/strong><\/li><li><strong>Lingu\u00edstica<\/strong><\/li><li><strong>Cinest\u00e9sica<\/strong><\/li><li><strong>Est\u00e9tica<\/strong><\/li><li><strong>Espiritual<\/strong><\/li><li><strong>outras<\/strong><\/li><\/ol>\n\n\n<p><\/p>\n\n<\/div><\/div>\n\n\n\n<p>Indiv\u00edduos que n\u00e3o se destacam em intelig\u00eancia cognitiva, quase certamente se destacam em uma ou mais das muitas outras intelig\u00eancias. T\u00e3o <strong>freq\u00fcentemente pessoas que n\u00e3o brilharam em intelig\u00eancia cognitiva<\/strong>, taxados como lentos ou mesmo est\u00fapidos, quando na verdade eles <strong>poderiam ser g\u00eanios do estudo est\u00e9tico ou cinest\u00e9sico, como exemplo, <\/strong>ou pelo menos estando cientes de toda a nossa intelig\u00eancia, como outro componente importante do nosso mapa composto. <\/p>\n\n\n\n<p>O que chamamos de crescimento est\u00e1 nos N\u00edveis e Linhas de desenvolvimento. Essas linhas ou m\u00faltiplos fluxos, partem das diferentes intelig\u00eancias, ou linhas de desenvolvimento. V\u00e1rias <strong>profiss\u00f5es, disciplinas e\/ou campos de conhecimento dependem de dominar um conjunto diferente dessas intelig\u00eancias m\u00faltiplas<\/strong>. <\/p>\n\n\n\n<p>Ter um <strong>alto QI j\u00e1 n\u00e3o \u00e9 mais percebido como suficiente.<\/strong> Daniel Goleman, quem escreveu <strong>Intelig\u00eancia Emocional, <\/strong>termo comum hoje, apresentava ampla evid\u00eancia mostrando que a intelig\u00eancia emocional era significativamente mais importante do que a intelig\u00eancia cognitiva em \u00e1reas como o sucesso empresarial ou a Lideran\u00e7a.<\/p>\n\n\n\n<p>Em Capitalismo Consciente, Mackey e Sisodia sustentaram que, al\u00e9m da<strong> Intelig\u00eancia Cognitiva<\/strong>, os l\u00edderes empresariais bem-sucedidos exigem elevada<strong> Intelig\u00eancia Emocional, Sistemas de Intelig\u00eancia e Intelig\u00eancia Espiritual<\/strong>. Esta \u00e9 a abordagem integral a que referimos LINHAS.  <\/p>\n\n\n\n<div class=\"wp-block-group has-background\" style=\"background-color:#e1f6e2\"><div class=\"wp-block-group__inner-container is-layout-flow wp-block-group-is-layout-flow\">\n<p class=\"has-medium-font-size\"><strong>AQAL <\/strong><\/p>\n\n\n\n<ul class=\"wp-block-list\">\n<li><strong>All Quadrant (QUADRANTES)<\/strong><\/li>\n\n\n\n<li><strong>All Levels (N\u00cdVEIS)<\/strong><\/li>\n\n\n\n<li><strong>All Lines (LINHAS)<\/strong><\/li>\n\n\n\n<li><strong>All States (ESTADOS)<\/strong><\/li>\n\n\n\n<li><strong>All Times (TEMPOS)<\/strong><\/li>\n<\/ul>\n<\/div><\/div>\n\n\n\n<p><strong>2. N\u00cdVEIS (Segunda parte do CRESCIMENTO)<\/strong><\/p>\n\n\n\n<p>Embora toda essa intelig\u00eancia m\u00faltipla ou linhas de desenvolvimento sejam bastante diferentes umas das outras, todas elas crescem e se desenvolvem para os mesmos <strong>n\u00edveis b\u00e1sicos de desenvolvimento <\/strong>&#8211; LINHAS diferentes, mesmos N\u00cdVEIS. E \u00e9 o <strong>movimento verdadeiro atrav\u00e9s desses n\u00edveis<\/strong> que constitui o <strong>CRESCIMENTO <\/strong>real. \u00c9 um <strong>CRESCIMENTO VERTICAL<\/strong>,  nos movendo <strong><em>de n\u00edveis completamente imaturos por uma s\u00e9rie de est\u00e1gios, para totalmente <\/em><\/strong><em><strong>maduros,<\/strong><\/em> um <em>crescimento vertical real em cada uma das LINHAS<\/em>. <\/p>\n\n\n\n<p>E o mais impressionante sobre isso \u00e9 que os est\u00e1gios desse crescimento agora foram <em>totalmente mapeados<\/em>, em outras palavras, a not\u00edcia realmente boa \u00e9 que agora <strong>sabemos quais s\u00e3o os est\u00e1gios<\/strong>, <strong>os n\u00edveis de crescimento<\/strong> <strong>est\u00e3o em qualquer linha ou fluxo em que apare\u00e7am<\/strong>. <\/p>\n\n\n\n<p>H\u00e1 dezenas e dezenas de modelos de como e por que os humanos crescem em qualquer n\u00famero, ou diferentes \u00e1reas, ou intelig\u00eancias ou linhas ou capacidade, mas o que \u00e9 t\u00e3o not\u00e1vel \u00e9 que virtualmente todos esses mapas de desenvolvimento e modelos param nos mesmos <strong>6 (seis) a 8 (oito) N\u00cdVEIS principais de crescimento<\/strong>.  <\/p>\n\n\n\n<p>De fato, no livro Psicologia Integral, Ken Wilber apresenta gr\u00e1ficos com mais de 100 mapas e modelos de crescimento de todo o mundo, e o que \u00e9 incr\u00edvel sobre todos eles \u00e9 que <strong><em>existe um consenso geral quanto a esses 6 a 8 est\u00e1gios principais<\/em><\/strong>.  Alguns modelos t\u00eam alguns est\u00e1gios a menos, alguns t\u00eam mais alguns, mas estes mesmos 6 a 8 continuam aparecendo repetidas vezes, e nos modelos que incluem est\u00e1gios futuros ainda mais elevados de desenvolvimento, h\u00e1 amplo acordo sobre os <strong>tr\u00eas ou quatro desses est\u00e1gios superiores<\/strong> tamb\u00e9m. Eles s\u00e3o importantes porque <strong>representam o nosso futuro evolutivo.<\/strong> Mas a a\u00e7\u00e3o real ainda est\u00e1 concentrada nestes 6 a 8 n\u00edveis principais. <\/p>\n\n\n\n<p><strong>Um Modelo de Desenvolvimento de 4 Est\u00e1gios<\/strong>:<\/p>\n\n\n\n<p>Note que o que Ken Wilber vai delinear agora \u00e9 quase sempre deixado de fora de qualquer discuss\u00e3o ou solu\u00e7\u00e3o proposta para nossos problemas urgentes, \u00e9 de fato completamente ignorado com resultados horr\u00edveis, como<strong> neste exemplo: &#8220;O modelo de est\u00e1gios de desenvolvimento moral em mulheres de Carol Gilligan&#8221;. <\/strong><\/p>\n\n\n\n<p><\/p>\n\n\n\n<div class=\"wp-block-columns is-layout-flex wp-container-core-columns-is-layout-9d6595d7 wp-block-columns-is-layout-flex\">\n<div class=\"wp-block-column is-layout-flow wp-block-column-is-layout-flow\"><div class=\"wp-block-image\">\n<figure class=\"aligncenter size-full is-resized\"><img loading=\"lazy\" decoding=\"async\" width=\"400\" height=\"600\" src=\"https:\/\/mindsoultrainer.com\/wp-content\/uploads\/2021\/11\/iadv.png\" alt=\"\" class=\"wp-image-3332\" style=\"width:164px;height:246px\" srcset=\"https:\/\/www.mindsoultrainer.com\/wp-content\/uploads\/2021\/11\/iadv.png 400w, https:\/\/www.mindsoultrainer.com\/wp-content\/uploads\/2021\/11\/iadv-200x300.png 200w\" sizes=\"auto, (max-width: 400px) 100vw, 400px\" \/><figcaption class=\"wp-element-caption\"><em>livro de Carol Gilligan<\/em><\/figcaption><\/figure><\/div><\/div>\n\n\n\n<div class=\"wp-block-column is-layout-flow wp-block-column-is-layout-flow\">\n<figure class=\"wp-block-image size-full is-resized\"><img loading=\"lazy\" decoding=\"async\" width=\"273\" height=\"158\" src=\"https:\/\/mindsoultrainer.com\/wp-content\/uploads\/2021\/11\/cg.png\" alt=\"\" class=\"wp-image-3333\" style=\"width:392px;height:227px\"\/><figcaption class=\"wp-element-caption\">cr\u00e9dito imagem: <a href=\"https:\/\/www.google.com\/url?sa=i&amp;url=https%3A%2F%2Fstudy.com%2Facademy%2Flesson%2Fcarol-gilligans-theory-of-moral-development.html&amp;psig=AOvVaw1qdhbyDvcxtOWRk1MjhLpo&amp;ust=1635810782667000&amp;source=images&amp;cd=vfe&amp;ved=0CA0Q3YkBahcKEwjY64Wd7PXzAhUAAAAAHQAAAAAQUA\"><em>Study.com<\/em><\/a><\/figcaption><\/figure>\n<\/div>\n<\/div>\n\n\n\n<p><\/p>\n\n\n\n<p>Ela tornou-se mundialmente famosa com seu livro:  &#8220;Numa Voz Diferente&#8221;, onde sugeriu que homens e mulheres raciocinam de forma diferente, com os <strong><em>homens enfatizando direitos de autonomia e justi\u00e7a<\/em><\/strong> e <strong><em>mulheres enfatizando o cuidado do relacionamento e responsabilidade<\/em><\/strong>. <strong>Homens enfatizam a autoridade e mulheres enfatizam a comunh\u00e3o <\/strong>e, claro, h\u00e1 todos os tipos de misturas entre homens e mulheres. Isso est\u00e1 em uma categoria fixa r\u00edgida. Outra diferen\u00e7a que ela encontrou \u00e9 que <strong>homens tendem a pensar em termos hier\u00e1rquicos e mulheres pensam de forma n\u00e3o hier\u00e1rquica, de forma relacional. <\/strong><\/p>\n\n\n\n<p>Contudo, <strong>as feministas, em particular,<\/strong> pegaram isso e <strong>acreditaram literalmente que as hierarquias seriam a fonte de todos os males sociais,<\/strong> pois entenderam q<strong>ue o patriarcado \u00e9 a fonte de virtualmente todos os males sociais porque apenas os homens estavam envolvidos em hierarquias<\/strong>. Contudo, esta conclus\u00e3o, na verdade, <strong>ignora exatamente o segundo ponto principal do livro de Gilligan, que \u00e9 que o pr\u00f3prio pensamento n\u00e3o hier\u00e1rquico das mulheres, que tamb\u00e9m se desenvolve atrav\u00e9s de 4 est\u00e1gios hier\u00e1rquicos<\/strong>. Ent\u00e3o os 4 est\u00e1gios de desenvolvimento moral feminino de Gilligan s\u00e3o varia\u00e7\u00f5es nesses seis a oito n\u00edveis principais de desenvolvimento e esses est\u00e1gios b\u00e1sicos s\u00e3o novamente est\u00e1gios de crescimento: <\/p>\n\n\n\n<ul class=\"wp-block-list\">\n<li><strong>Est\u00e1gio 1 ou Ego\u00edsta <\/strong>&#8211;  a mulher se preocupa apenas com ela mesma<\/li>\n\n\n\n<li><strong>Est\u00e1gio 2 ou Cuidado<\/strong> -ela estende o cuidado de si mesma para um determinado grupo de fam\u00edlia, uma tribo, um grupo mais interno<\/li>\n\n\n\n<li><strong>Est\u00e1gio 3 <\/strong>&#8211; cuidado mundial &#8211; onde a mulher estende o cuidado a todos os humanos, independentemente da ra\u00e7a, cor, sexo ou credo <\/li>\n<\/ul>\n\n\n\n<p>A Teoria Integral chama esse primeiro est\u00e1gio de afirma\u00e7\u00e3o ego\u00edsta: <strong>Egoc\u00eantrico<\/strong>.  O segundo est\u00e1gio olha para apenas um grupo, chamado de <strong>Etnoc\u00eantrico<\/strong>, porque enfatiza fortemente &#8220;N\u00f3s versus eles&#8221;, sendo &#8221; n\u00f3s&#8221; especiais, &#8220;o povo escolhido&#8221; e eles sendo infi\u00e9is, pag\u00f5es, descrentes. O terceiro est\u00e1gio de <strong>Universal<\/strong>, centrados no mundo, cuida da popula\u00e7\u00e3o mundial. O quarto est\u00e1gio chamamos <strong>Integral<\/strong>, onde ambos <strong>homens e mulheres incorporam os modos masculino e feminino de pensar. <\/strong><\/p>\n\n\n\n<p>Import\u00e2ncia disso: as necessidades da cultura ocidental, os homens ao longo do patriarcado precisam desesperadamente de uma infus\u00e3o de valores femininos, \u00e9 muito comum ouvir isso sim, mas isso deixa algo de fora em modelos importantes como de Carol Gilligan, porque a <strong><em>\u00fanica coisa que a cultura ocidental n\u00e3o precisa \u00e9 o Est\u00e1gio 1 ou o Est\u00e1gio 2 dos valores femininos, n\u00e3o precisamos ou valores narcisistas, racistas e sexistas e, ainda assim, esses s\u00e3o exatamente os dois primeiros e os maiores dos valores femininos: egoc\u00eantricos e etnoc\u00eantricos, e de acordo mesmo com as feministas, estes valores nos est\u00e3o matando.<\/em><\/strong><\/p>\n\n\n\n<p>Ent\u00e3o, <strong><em>o que o Ocidente precisa \u00e9 de mais valor feminino dos Est\u00e1gios 3 e 4 e, a prop\u00f3sito, eles precisam de mais Est\u00e1gios 3 e 4 masculinos tamb\u00e9m<\/em><\/strong>. A diferencia\u00e7\u00e3o n\u00e3o \u00e9 dos n\u00edveis inferiores femininos e masculinos, de elementos egoc\u00eantricos ou etnoc\u00eantricos, o requerido s\u00e3o os n\u00edveis superiores: mundial e desenvolvimento integrado. <\/p>\n\n\n\n<div class=\"wp-block-group has-background\" style=\"background-color:#f6ebe2\"><div class=\"wp-block-group__inner-container is-layout-flow wp-block-group-is-layout-flow\">\n<p class=\"has-normal-font-size\">O Problema do Aquecimento Global<\/p>\n\n\n\n<p>Um outro exemplo, amplamente \u00f3bvio da import\u00e2ncia de pensar em termos de desenvolvimento: considere a quest\u00e3o urgente do <strong>aquecimento globa<\/strong>l.  Geralmente o que \u00e9 oferecido para solu\u00e7\u00f5es para o aquecimento global v\u00eam todos do quadrante direito e, particularmente, das coletividades inferiores direita,  i.e., sistemas para itens de beleza planet\u00e1ria, como redu\u00e7\u00e3o na emiss\u00e3o de carbono. Adiciona-se a mudan\u00e7a para fontes de energia renov\u00e1veis \u200b\u200bum item externo totalmente objetivo. Por\u00e9m estas recomenda\u00e7\u00f5es t\u00e3o apesar de importantes negligenciam realidades muito importantes. <strong>As mudan\u00e7as s\u00e3o necess\u00e1rias nos quadrantes EU e N\u00d3S, n\u00e3o somente no Quadrante ELES<\/strong>. <\/p>\n\n\n\n<p>O aquecimento global \u00e9 preocupa\u00e7\u00e3o global e s\u00f3 pode, portanto, ser endere\u00e7ado, <strong>por n\u00edveis mundiais de consci\u00eancia, por indiv\u00edduos em n\u00edveis globais de desenvolvimento centrados no mundo ou n\u00edveis superiores<\/strong>. Em outros palavras, em Gilligan est\u00e1gios 3 ou 4, os indiv\u00edduos em est\u00e1gio 1 Egoc\u00eantrico n\u00e3o se importam com problemas fora de si mesmos, e indiv\u00edduos em est\u00e1gio 2 Etnoc\u00eantrico n\u00e3o conseguem compreender as realidades mundiais. Em muitos casos,<strong> <em>eles nem mesmo pensam que os problemas globais s\u00e3o reais, ent\u00e3o, mesmo a exist\u00eancia do aquecimento global, eles simplesmente n\u00e3o acreditam que est\u00e1 l\u00e1.<\/em><\/strong><em> <\/em><\/p>\n\n\n\n<p>Estamos cientes de pessoas que negam a exist\u00eancia do aquecimento global, mesmo dada a quantidade impressionante de evid\u00eancias cient\u00edficas que mostram sua exist\u00eancia. Mas essa evid\u00eancia existe e pode ser reconhecida apenas por pessoas em n\u00edveis centrados no mundo de crescimento. Pesquisa mostra que<strong> <em>70% da popula\u00e7\u00e3o mundial \u00e9 etnoc\u00eantrica ou n\u00edveis mais baixos de desenvolvimento<\/em>. 70%!<\/strong>  Algo obviamente t\u00e3o importante e crucial, quanto o aquecimento global, \u00f3bvio para algu\u00e9m em n\u00edveis globais centrados no mundo ou mais alto, mas <strong>a maioria do mundo nem entende<\/strong>. <\/p>\n\n\n\n<p>Os indiv\u00edduos egoc\u00eantricos ser\u00e3o movidos a agir apenas se voc\u00ea forem assustados pela luz do dia fora deles, em termos de sobreviv\u00eancia, que acontecem em algum grau com relat\u00f3rios de aquecimento global. E, indiv\u00edduos etnoc\u00eantricos, cuja grande maioria, pertence \u00e0s religi\u00f5es literais m\u00edticas fundamentalistas de um tipo ou outro, campo centrado porque eles acreditam em sua religi\u00e3o como \u00fanico e verdadeiro salvador da humanidade, ou o \u00fanico caminho para a salva\u00e7\u00e3o real, e todos os outros s\u00e3o infi\u00e9is pecadores pag\u00e3os n\u00e3o crentes. <em>Eles ser\u00e3o movidos a agir somente se sua religi\u00e3o os convencer de que, por exemplo, de que Deus deu a eles o governo sobre a Terra, e que eles devem, portanto, come\u00e7ar a ter uma vis\u00e3o de donos, respons\u00e1veis pela Terra e seus bens comuns globais, porque isso \u00e9 o que Deus quer<\/em>. <\/p>\n\n\n\n<p>Por\u00e9m, apesar disso, a maioria dos defensores dos rem\u00e9dios para o aquecimento global continuam a falar como se tudo estivesse em um est\u00e1gio de desenvolvimento centrado no mundo, como se todos estiverem em um est\u00e1gio de desenvolvimento do n\u00edvel mundial, e compreendem completamente todos os dados cient\u00edficos, que sua principal fonte de linguagem apresenta. <\/p>\n\n\n\n<p><\/p>\n\n\n\n<p>Assim, a discuss\u00e3o continuar\u00e1 a ser como <em>Robert Kegan, de Harvard<\/em>, coloca, i.e., sobre as cabe\u00e7as dos 70% que ainda n\u00e3o est\u00e3o n\u00edveis de desenvolvimento centrados no mundo. Pelo menos, deve ser levado em conta, sendo que hoje \u00e9 completamente ignorado por praticamente todas as principais autoridades no campo, com falha cont\u00ednua do mundo, para tomar qualquer a\u00e7\u00e3o s\u00e9ria sobre este problema. E o mundo falha em agir porque 70% do mundo n\u00e3o consegue entender que o desenvolvimento est\u00e1 acima de suas cabe\u00e7as. <\/p>\n\n\n\n<p><\/p>\n\n\n\n<p><\/p>\n<\/div><\/div>\n\n\n\n<p>Uma das primeiras coisas que a estrutura integral nos diz \u00e9 que: <strong>voc\u00ea n\u00e3o pode ter um desenvolvimento exterior sustent\u00e1vel sem um desenvolvimento interior compar\u00e1vel para mant\u00ea-lo. Avan\u00e7ar do lugar egoc\u00eantrico, para o etnoc\u00eantrico, para o integral centrado no mundo<\/strong>. Caso contr\u00e1rio, as <strong>a\u00e7\u00f5es externas simplesmente n\u00e3o se sustentam, n\u00e3o h\u00e1 nada para segur\u00e1-las\/suport\u00e1-las.<\/strong> <\/p>\n\n\n\n<p>As <strong>a\u00e7\u00f5es externas globais centradas no topo requerem n\u00edveis de desenvolvimento internos globais<\/strong>, \u00c9 t\u00e3o simples, se qualquer abordagem de medida para o aquecimento global inclu\u00edsse um componente de crescimento, isso seria \u00f3bvio, entretanto, nenhum deles faz.<\/p>\n\n\n\n<p>A figura abaixo \u00e9 chamada <strong>PSICOGRAFIA INTEGRAL <\/strong>e mostra os diferentes <strong>N\u00cdVEIS <\/strong>de Consci\u00eancia, com ajustes dependendo do autor:<\/p>\n\n\n\n<p><\/p>\n\n\n<div class=\"wp-block-image\">\n<figure class=\"aligncenter\"><img decoding=\"async\" src=\"https:\/\/petervan.files.wordpress.com\/2015\/08\/ilf-levels-together.png\" alt=\"The Essence of Work \u2013 Part-3 \u2013 Values and Needs | Petervan's Blog\"\/><figcaption class=\"wp-element-caption\"><em>Integral Psychograph from Ken Wilber<\/em><\/figcaption><\/figure><\/div>\n\n\n<p><\/p>\n\n\n\n<p>No eixo vertical \u00e0 esquerda est\u00e3o os <strong>6 (seis) a 8 (oito) n\u00edveis principais do crescimento humano<\/strong>, cada um dado uma cor, e voc\u00ea pode ainda ver os <strong>3 (tr\u00eas) a 4 (quatro) n\u00edveis ainda mais elevados<\/strong> de desenvolvimento chamados de <strong>Terceira Camada<\/strong>, que embora seja muito importante hoje, ainda \u00e9 atingido por <strong><em>menos de 1% da superpopula\u00e7\u00e3o.<\/em><\/strong>  <\/p>\n\n\n\n<p>Toda <strong>a grande maioria ainda est\u00e1 no n\u00edvel de desenvolvimento de 6 a 8, e incluindo turquesa neste diagrama<\/strong>. Utiliza-se as cores do arco-\u00edris porque esses n\u00edveis gerais s\u00e3o ondas de desenvolvimento aplicadas \u00e0s linhas de fluxos de desenvolvimento. <\/p>\n\n\n\n<p>Wilber diz ser dif\u00edcil encontrar nomes que sejam adequados para esses n\u00edveis porque qualquer nome tende a favorecem uma linha particular ou de intelig\u00eancia m\u00faltipla. Ent\u00e3o, em vez disso, eles geralmente recebem cores ou apenas numerados, N\u00f3s fazemos os dois, mas algumas s\u00e9ries de nomes eram relativamente boas, desde que lembremos das limita\u00e7\u00f5es de quaisquer termos, uma vez que uma s\u00e9rie \u00e9 uma varia\u00e7\u00e3o daquela da lista de desenvolvimento pioneiro de <strong>Jean Gebser<\/strong><em> [fil\u00f3sofo, linguista, poeta, quem descreveu as estruturas da consci\u00eancia humana]. <\/em><\/p>\n\n\n\n<p>Os nomes na coluna de vis\u00e3o de mundo neste diagrama, apenas alguns dos nomes dados a esses 6 (seis) a 8 (oito) n\u00edveis principais de desenvolvimento: <strong>arcaico, m\u00e1gico, m\u00edtico, racional, pluralista, integral com maior ou super integral n\u00edveis poss\u00edveis para o futuro.<\/strong><\/p>\n\n\n\n<p>No <strong>eixo horizontal<\/strong>, podemos ver algumas das <strong>principais linhas de desenvolvimento ou intelig\u00eancias <\/strong>como suas vers\u00f5es dos principais n\u00edveis ou est\u00e1gios de desenvolvimento descobertos por v\u00e1rios desenvolvimentistas pioneiros. Ent\u00e3o h\u00e1 a <strong>&#8220;hierarquia das necessidades de Maslow&#8221; , com seus 6 a 8 n\u00edveis,<\/strong> valores e marcos em espirais din\u00e2mica mostradas no valor das linhas <strong>Loevinger and Cook-Greuter \u00e0 direita,<\/strong> apenas como exemplo gen\u00e9rico. <\/p>\n\n\n\n<p><\/p>\n\n\n\n<p>O primeiro n\u00edvel <strong>Tier 1<\/strong> marca a grande maioria dos est\u00e1gios que tiveram um evento na evolu\u00e7\u00e3o dos seres humanos nos \u00faltimos 500.000 anos, incluindo o e<strong>st\u00e1gio arcaico que marcou a transi\u00e7\u00e3o dos grandes macacos para os humanos<\/strong>. Em seguida, a <strong>Era Tribal M\u00e1gica<\/strong>. Em seguida, os<strong> valores tradicionais agr\u00e1rios, religiosos, m\u00edticos<\/strong>.  Ent\u00e3o, a <strong>era cient\u00edfica, industrial, racional, moderna.<\/strong> E finalmente, hoje a era <strong>p\u00f3s-moderna multicultural,<\/strong> pluralista, com o \u00faltimo est\u00e1gio do <strong>p\u00f3s-moderno pluralista,<\/strong> sendo o est\u00e1gio de grande escala emergido mais recentemente, e surgindo em uma escala generalizada a partir dos<strong> anos 60, com o movimento dos direitos civis, pessoal e feminismo<\/strong>, profissional, o movimento ambientalista mundial, e assim por diante&#8230;<\/p>\n\n\n\n<p><strong>95% da popula\u00e7\u00e3o mundial ainda est\u00e1 em algum desses primeiros n\u00edveis: m\u00e1gico, arcaico, m\u00edtico, racional ou pluralista e todos s\u00e3o <\/strong><em><strong>chamados primeiro n\u00edvel aqui<\/strong>, porque <strong>cada um dos eles acreditam que sua verdade e seus valores s\u00e3o os \u00fanicas verdadeiros e valores existentes, todos os outros s\u00e3o tolos infantis ou simplesmente errados<\/strong>. <\/em><\/p>\n\n\n\n<p><\/p>\n\n\n\n<blockquote class=\"wp-block-quote is-style-large is-layout-flow wp-block-quote-is-layout-flow\">\n<p>95% da popula\u00e7\u00e3o mundial ainda est\u00e1 em algum desses primeiros n\u00edveis: m\u00e1gico, arcaico, m\u00edtico, racional ou pluralista <\/p>\n<cite>Ken Wilber<\/cite><\/blockquote>\n\n\n\n<p>Mas ent\u00e3o come\u00e7aram h\u00e1 <em>apenas algumas d\u00e9cadas atr\u00e1s<\/em> um <em><strong>novo est\u00e1gio<\/strong><\/em>, em um tipo inteiramente novo de est\u00e1gio, come\u00e7ou a emergir de forma t\u00e3o veloz, diferente de qualquer outro est\u00e1gio de primeira camada na exist\u00eancia, incluindo o moderno tradicional e o p\u00f3s-moderno, que inicialmente os desenvolvimentistas pensaram que ele como dados imprecisos, mas continuaram aparecendo e aparecendo at\u00e9 que eles foram for\u00e7ados a reconhecer sua exist\u00eancia real. Ainda \u00e9 relativamente menor neste est\u00e1gio ou est\u00e1gios parece haver talvez dois <strong>sub-est\u00e1gios azul-petr\u00f3leo e turquesa<\/strong> &#8211; esses s\u00e3o est\u00e1gios que ainda representam <strong>menos de 5% da popula\u00e7\u00e3o mundia<\/strong>l, mas eles s\u00e3o uma <strong>verdadeira virada de jogo em todos os sentidos<\/strong>. Quando cada est\u00e1gio de primeiro n\u00edvel acreditava estar sozinho, esses novos est\u00e1gio, juntos chamamos de segundo n\u00edvel, para distingui-los do muito diferente est\u00e1gio de primeiro n\u00edvel.<\/p>\n\n\n\n<p>Esses est\u00e1gios de<strong><em> segundo n\u00edvel <\/em><\/strong><em>a<\/em>creditam que h\u00e1 <strong>algum tipo de significado e import\u00e2ncia para cada est\u00e1gio que existe e o est\u00e1gio passa a existir e permanece no sistema. <\/strong>Ent\u00e3o, mesmo numa cultura, onde exista algumas pessoas se movendo, para a segunda camada, todos ainda nascem na camada um, no infra-vermelho arcaico, e inicia seu crescimento e desenvolvimento em qualquer linha naquele n\u00edvel. Do n\u00edvel arcaico, eles podem se mover para o n\u00edvel m\u00e1gico, ent\u00e3o para o m\u00edtico, para o racional, e assim por diante. E podem parar seu crescimento em qualquer n\u00edvel tamb\u00e9m. <strong><em>Ent\u00e3o qualquer cultura \u00e9 um tipo de torta de camadas com diferentes percentuais, da popula\u00e7\u00e3o em cada um destes n\u00edveis principais dos est\u00e1gios de altitude em arco-\u00edris. <\/em><\/strong><\/p>\n\n\n\n<p><\/p>\n\n\n\n<blockquote class=\"wp-block-quote is-style-large custom-bottommargin is-layout-flow wp-block-quote-is-layout-flow\">\n<p>Os n\u00edveis de segunda camada s\u00e3o os \u00fanicos principais at\u00e9 agora que pensam que todos os demais n\u00edveis s\u00e3o importantes, e que existe uma raz\u00e3o crucial para o seu crescimento e para o desenvolvimento global dos seres humanos, no papel que est\u00e3o executando<\/p>\n<cite>Ken Wilber<\/cite><\/blockquote>\n\n\n\n<p>Mas os <strong>n\u00edveis de segunda camada s\u00e3o os \u00fanicos principais at\u00e9 agora, que pensam que os outros n\u00edveis s\u00e3o importantes, que eles existem por uma raz\u00e3o que eles est\u00e3o executando algum papel crucial no crescimento e desenvolvimento global dos seres humanos. E, de fato, eles est\u00e3o.<\/strong> <em><strong>Cada est\u00e1gio \u00e9 um componente necess\u00e1rio no nosso processo global de evolu\u00e7\u00e3o e desenvolvimento<\/strong><\/em>. Nenhum pode ser retirado ou apagado, assim como voc\u00ea n\u00e3o pode retirar \u00e1tomos das c\u00e9lulas e pular mol\u00e9culas. <strong>Todas as camadas s\u00e3o importantes<\/strong>. A segunda camada por si s\u00f3, parece compreender isso intuitivamente. Ent\u00e3o o desenvolvimento para estes n\u00edveis superiores integrais do ser e despertar s\u00e3o componentes cruciais para a solu\u00e7\u00e3o dos nos verdadeiramente s\u00e9rios problemas.<\/p>\n\n\n\n<p>Uma vez mais se olharmos em &#8220;Capitalismo Consciente&#8221;, encontraremos uma recomenda\u00e7\u00e3o dos autores &#8220;evoluindo para n\u00edveis mais elevados de consci\u00eancia nos est\u00e1gios&#8221;. Eles mencionam os trabalhos de Kolbert, Maslow, Graves, Ken Wilber, entre outros.<\/p>\n\n\n\n<p class=\"has-black-color has-text-color\">Agora os 3 (tr\u00eas) n\u00edveis mais altos e mais recentes surgiram na primeira camada, que novamente inclui 95% da popula\u00e7\u00e3o mundial, ent\u00e3o estamos falando sobre a maior parte do mundo aqui, mas os 3(tr\u00eas) n\u00edveis mais recentes no primeiro aqui s\u00e3o os valores: religiosos, tradicionais e m\u00edticos, o moderno, cient\u00edfico, racional e os p\u00f3s-modernos multiculturais,  em outras palavras, exatamente os tr\u00eas valores que est\u00e3o lutando nas guerras culturais e cada um deles como um est\u00e1gio do primeiro ano pensa que seus valores e seus valores de empr\u00e9stimo s\u00e3o reais e o verdadeiro. <\/p>\n\n\n\n<p class=\"has-black-color has-text-color\">Ent\u00e3o, os verdes p\u00f3s-modernos pensam que os laranjas cientistas racionais e a religi\u00e3o m\u00edtica \u00e2mbar s\u00e3o ambos constru\u00e7\u00f5es sociais e em \u00faltima an\u00e1lise, n\u00e3o reais. Por outro lado, a ci\u00eancia racional moderna pensa que a religi\u00e3o m\u00edtica \u00e9 infantil e a sensibilidade p\u00f3s-moderna \u00e9 woo-woo.  E a religi\u00e3o m\u00edtica pensa que ambos ci\u00eancia e ao multiculturalismo p\u00f3s-moderno est\u00e3o fadados ao fogo do inferno eterno, ent\u00e3o quem se importa com o que eles pensam, de qualquer forma.. <\/p>\n\n\n\n<p class=\"has-black-color has-text-color\">Mas este est\u00e1gio recente quase emergente, o <strong>Est\u00e1gio Integral \u00e9 o primeiro que \u00e9 verdadeiramente integral<\/strong>, que verdadeiramente \u00e9 <strong>abrangente e acredita que uma vis\u00e3o completa da realidade humana tem que levar todos esses est\u00e1gios em considera\u00e7\u00e3o<\/strong>. <strong>A sociedade baseada no est\u00e1gio de desenvolvimento seria diferente de qualquer sociedade j\u00e1 conhecida em toda a hist\u00f3ria. <\/strong><\/p>\n\n\n\n<p><\/p>\n\n\n\n<div class=\"wp-block-columns is-layout-flex wp-container-core-columns-is-layout-9d6595d7 wp-block-columns-is-layout-flex\">\n<div class=\"wp-block-column is-layout-flow wp-block-column-is-layout-flow\" style=\"flex-basis:33.33%\"><div class=\"wp-block-image\">\n<figure class=\"aligncenter is-resized\"><img decoding=\"async\" src=\"https:\/\/voegelinview.com\/wp-content\/uploads\/2020\/09\/graves1.jpg\" alt=\"Clare Graves and Spiral Dynamics - VoegelinView\" style=\"width:-144px;height:-211px\"\/><\/figure><\/div><\/div>\n\n\n\n<div class=\"wp-block-column is-vertically-aligned-center is-layout-flow wp-block-column-is-layout-flow\" style=\"flex-basis:66.66%\">\n<p><em>Clare Graves, foi&nbsp;professor psicologia e criador da emergente teoria c\u00edclica do desenvolvimento humano adulto, cujos aspectos foram mais tarde popularizados como Spiral Dynamics.<\/em><\/p>\n<\/div>\n<\/div>\n\n\n\n<p class=\"has-black-color has-text-color\">Clare Graves [professo<em>r de psicologia, criador da emergente teoria c\u00edclica do desenvolvimento humano adulto, cujos aspectos foram posteriormente popularizados como Spiral Dynamics]<\/em>  chama o surgimento deste segundo n\u00edvel de <strong><em>Est\u00e1gio Integral de &#8220;um cataclisma de significado, um salto monumental de significado&#8221;<\/em><\/strong>. E de fato, \u00e9. <strong>Toda sociedade baseada neste est\u00e1gio, \u00e9 totalmente inclusiva, abrangente, e a primeira totalmente e verdadeiramente abrangente e n\u00e3o marginalizada que os humanos j\u00e1 conheceram<\/strong>. Enquanto humanos permanecerem em um desses est\u00e1gios de primeiro n\u00edvel, como 95% de todos os humanos agora o s\u00e3o, ent\u00e3o, a humanidade como um todo nunca ser\u00e1 capaz de ser verdadeiramente ser uma civiliza\u00e7\u00e3o mundial harmoniosa em paz amorosa e cuidadosa. Ao inv\u00e9s, no primeira camada, estaria dedicada a uma forma ou outra de guerras culturais. Algo semelhante ao que garantiu ao longo da hist\u00f3ria se a cada 1 ano de Paz, houve 13 anos de guerra, que \u00e9 o que acontece quando voc\u00ea abra\u00e7a um desses est\u00e1gios do primeiro ano parcial, fragmentados, quebrados, incompletos, e que nunca terminar\u00e3o, enquanto os est\u00e1gios do primeiro ano permanecerem no controle.<\/p>\n\n\n\n<p><\/p>\n\n\n\n<p><\/p>\n\n\n<div class=\"wp-block-image\">\n<figure class=\"aligncenter is-resized\"><img decoding=\"async\" src=\"https:\/\/novaconscincia.files.wordpress.com\/2017\/02\/32e1c-realizing-the-deep-meaning-of-the-nature-of-numbers.jpg?w=399&amp;h=299\" alt=\"Link's de Filmes para expans\u00e3o da Consci\u00eancia\u2026 | novaconsci\u00eancia\" style=\"width:-11px;height:-8px\"\/><figcaption class=\"wp-element-caption\"><em>Estados de Consci\u00eancia<\/em><\/figcaption><\/figure><\/div>\n\n\n<p><\/p>\n\n\n\n<p class=\"has-medium-font-size has-black-color has-text-color\"><strong>ESTADOS<\/strong><\/p>\n\n\n\n<p><strong>Estados de consci\u00eancia <\/strong>incluindo todos os estados s\u00e3o o n\u00facleo do processo que chamamos de <strong>despertar <\/strong>e estes s\u00e3o um dos nossos 5(cinco) elementos principais :AQAL. Se olharmos para as <strong>grandes civiliza\u00e7\u00f5es fundadoras pr\u00e9-modernas ao redor do mundo:<\/strong> leste e oeste, norte e sul, virtualmente cada uma delas reconhece <strong>2 (duas) formas de espiritualidade: <\/strong><\/p>\n\n\n\n<p><\/p>\n\n\n\n<ul class=\"wp-block-list\">\n<li><strong>Exot\u00e9rica ou aparente<\/strong> &#8211; que lida na maior parte por formas m\u00edticas,: e.g. Mois\u00e9s realmente separou o Mar Vermelho, Elias realmente subiu ao C\u00e9u em sua carruagem, enquanto ainda estava vivo, com 900 anos de idade e assim por diante; <\/li>\n<\/ul>\n\n\n\n<p><\/p>\n\n\n\n<ul class=\"wp-block-list\">\n<li><strong>Esot\u00e9rica ou Oculta<\/strong> &#8211; tamb\u00e9m consiste de uma s\u00e9rie de hist\u00f3rias m\u00edticas, mas ao contr\u00e1rio,  era tratava-se de uma psico-tecnonolgia para transmuta\u00e7\u00e3o da consci\u00eancia &#8211; uma s\u00e9rie de pr\u00e1ticas levando de um finito, estreito e pequeno ego encapsulado na pele para o Outro, dito ser Unidade que liga todos os seres, o que os Sufis chamam de Identidade Suprema, a uni\u00e3o do indiv\u00edduo com o que tudo permeia, o Infinito, um estado conhecido em v\u00e1rias tradi\u00e7\u00f5es como Ilumina\u00e7\u00e3o, Despertar, Metamorfose, Moksha, Satori, Emancipa\u00e7\u00e3o, Salva\u00e7\u00e3o, a Grande Libera\u00e7\u00e3o Os caminhos do Despertar em diversas tradi\u00e7\u00f5es convergem: de um senso do ser separado para uma Consci\u00eancia \u00danica, a descoberta do Ser, \u00danico, Verdadeiro, dito ser um com o Esp\u00edrito e com todas as manifesta;c\u00f5es: uma mente, um esp\u00edrito, um ser. Assim como Erwin Schrodinger, o co-fundador da moderna Mec\u00e2nica do Quantum colocou, &#8220;a Consci\u00eancia \u00e9 a singularidade cujo Plural \u00e9 desconhecido&#8221; <\/li>\n<\/ul>\n\n\n\n<p>Mas a descoberta deste &#8220;Um&#8221; n\u00e3o \u00e9 a aus\u00eancia da individualidade, mas completude. Ainda que uma pessoa esteja realizando o \u00fanico e verdadeiro ser e esp\u00edrito do cosmos inteiro, cada indiv\u00edduo \u00e9 completamente iluminado, e v\u00ea o Ser sob uma perspectiva diferente, \u00fanica, um \u00e2ngulo diferente. E isto d\u00e1 a cada indiv\u00edduo realiza\u00e7\u00e3o e express\u00e3o pr\u00f3pria &#8211; um personagem \u00fanico &#8211; uma perspectiva \u00fanica, n\u00e3o encontrada em mais nenhum lugar no Cosmos inteiro.<\/p>\n\n\n\n<p><strong><em>A apar\u00eancia de seu verdadeiro Eu, em qualquer um, \u00e9 na verdade a realiza\u00e7\u00e3o de seu radicalmente \u00danico Ser. <\/em><\/strong><\/p>\n\n\n\n<p>Veja, por exemplo, o livro de Marc Gafni&#8217;s ,&#8221;Your Unique Self&#8221;. Esse eu \u00fanico \u00e9 o que d\u00e1 a sua vida particular \u00e9 \u00fanico, especial, um insubstitu\u00edvel, \u00e9 o significado \u00faltimo da sua vida. \u00c9 a sua vida, a realidade \u00faltima do Universo visto e realizado e existente atrav\u00e9s do seu Ser, <em>porque a \u00fanica coisa que o diferencia de um outro &#8220;zilh\u00e3o&#8221; de outros seres sencientes, todos expressando o mesmo Esp\u00edrito \u00e9 que voc\u00ea est\u00e1 percebendo e expressando isso por meio de algo radicalmente \u00fanico.<\/em><\/p>\n\n\n\n<p><strong>Cada um de n\u00f3s percebe o mundo de forma \u00fanica<\/strong>. Nenhum outro ser senciente possui a mesma perspectiva que voc\u00ea, em qualquer outro local espec\u00edfico e manifesto do Universo. <strong>Este tempo e espa\u00e7o que mais ningu\u00e9m pode ocupar, d\u00e1 a voc\u00ea uma condi\u00e7\u00e3o \u00fanica, irreplic\u00e1vel, de vis\u00e3o, \u00e2ngulo e compreens\u00e3o do mundo<\/strong>. E \u00e9 por isso que Deus, confia e necessita de cada um de n\u00f3s, para completar a si mesmo. <strong>O que cada um de n\u00f3s traz ao Esp\u00edrito \u00e9 este novo indiv\u00edduo, incrivelmente novo e uma vis\u00e3o \u00fanica do Cosmos e do pr\u00f3prio Esp\u00edrito.<\/strong> Um Esp\u00edrito Unit\u00e1rio Espec\u00edfico, pois o Esp\u00edrito n\u00e3o pode fazer por si mesmo. <strong>Deus sou Eu e Eu sou Deus dentro da parte que me cabe a minha individualidade, parte do Todo Tudo.<\/strong><\/p>\n\n\n\n<p><\/p>\n\n\n\n<div class=\"wp-block-columns are-vertically-aligned-center is-layout-flex wp-container-core-columns-is-layout-9d6595d7 wp-block-columns-is-layout-flex\">\n<div class=\"wp-block-column is-vertically-aligned-center is-layout-flow wp-block-column-is-layout-flow\" style=\"flex-basis:100%\">\n<div class=\"wp-block-group\"><div class=\"wp-block-group__inner-container is-layout-flow wp-block-group-is-layout-flow\">\n<figure class=\"wp-block-embed is-type-rich is-provider-spotify wp-block-embed-spotify wp-embed-aspect-21-9 wp-has-aspect-ratio\"><div class=\"wp-block-embed__wrapper\">\n<iframe title=\"Spotify Embed: Eu E Deus\" style=\"border-radius: 12px\" width=\"100%\" height=\"152\" frameborder=\"0\" allowfullscreen allow=\"autoplay; clipboard-write; encrypted-media; fullscreen; picture-in-picture\" loading=\"lazy\" src=\"https:\/\/open.spotify.com\/embed\/track\/01vNsMnH4CDghwpUoZHc12?si=10vMs7VATh6EBRHTTmK89A&amp;utm_source=oembed\"><\/iframe>\n<\/div><figcaption class=\"wp-element-caption\"><em>Eu e Deus<\/em><\/figcaption><\/figure>\n<\/div><\/div>\n<\/div>\n<\/div>\n\n\n\n<p><strong>Em outras palavras, este Eu transpessoal \u00e9 um Eu Superpessoal, um Eu Pessoal mais, n\u00e3o um eu pessoal menos. Este Eu \u00fanico \u00e9 o que voc\u00ea traz para Deus, o que voc\u00ea oferece a Deus, e o que completa Deus. \u00c9 como se (e de fato \u00c9) Deus precisasse de voc\u00ea para poder manifestar-se. \u00c9 o que torna o Esp\u00edrito uma unidade na diversidade, e n\u00e3o apenas uma unidade sem caracter\u00edsticas. Um em muitos e n\u00e3o apenas um denso a mais, sem qualquer prop\u00f3sito.<\/strong><\/p>\n\n\n\n<p>As grandes tradi\u00e7\u00f5es tendem a enfatizar a natureza singular do eu real, que \u00e9 verdadeiro o suficiente, mas sem dar aten\u00e7\u00e3o suficiente para a natureza \u00fanica que este eu real assume, assim que se manifesta e qualquer entidade, em qualquer lugar.  Quando qualquer um dos santos e s\u00e1bios, de qualquer uma das tradi\u00e7\u00f5es, perceberam a identidade suprema, eles estavam de fato fazendo isso com seu pr\u00f3prio Eu \u00fanico, que \u00e9 o \u00fanico Eu verdadeiro que se manifesta em um, atrav\u00e9s de uma perspectiva particular, unindo assim seu Infinito e finito, que \u00e9 Eterno e o que \u00e9 temporal, do Sem forma com o de dimens\u00f5es formadas, criando uma Verdadeira, n\u00e3o dual, Unidade na diversidade. E n\u00e3o apenas uma unidade uniforme \u00fanica e sem caracter\u00edsticas, totalmente vazia de quaisquer caracter\u00edsticas que n\u00e3o fosse o esp\u00edrito absoluto, mas apagada. A manifesta\u00e7\u00e3o em muitos \u00e9 necess\u00e1ria para a realiza\u00e7\u00e3o da mat\u00e9ria.<\/p>\n\n\n\n<p><strong>Todas as grandes tradi\u00e7\u00f5es do mundo come\u00e7aram com seu fundador ou fundadores experimentando esses est\u00e1gios muito profundos de despertar ou consci\u00eancia de Unidade direta do indiv\u00edduo e do Esp\u00edrito definitivo, a Identidade Suprema percebida pelo Ser \u00danico.<\/strong><\/p>\n\n\n\n<p><\/p>\n\n\n\n<blockquote class=\"wp-block-quote is-style-large is-layout-flow wp-block-quote-is-layout-flow\">\n<p>Todas as grandes tradi\u00e7\u00f5es do mundo come\u00e7aram com seu fundador ou fundadores experimentando esses est\u00e1gios muito profundos de despertar ou consci\u00eancia de Unidade direta do indiv\u00edduo e do Esp\u00edrito definitivo, a Identidade Suprema percebida pelo Ser \u00danico.<\/p>\n<cite>Ken Wilber<\/cite><\/blockquote>\n\n\n\n<p>Muitas religi\u00f5es, especialmente no Ocidente, come\u00e7aram a se identificar mais com uma religi\u00e3o que n\u00e3o estava no caminho de despertar, mas no caminho de crescer atrav\u00e9s de um problema real, sendo que foram especialmente os est\u00e1gios inferiores, m\u00e1gicos ou m\u00edticos do crescimento, francamente, <em>os est\u00e1gios mais infantis do crescimento do que de fato experi\u00eancias diretas ao passado do caminho do despertar<\/em>. Embora os caminhos do despertar permane\u00e7am bastante comuns na tradi\u00e7\u00e3o oriental, como Zen ou Vedanta ou o Budismo Tibetano, hoje no Ocidente, a religi\u00e3o significa, em grande parte, hist\u00f3rias sobre um senhor de cabelos e barba grisalhos sentado em um trono no c\u00e9u.<\/p>\n\n\n\n<p>\u00c9 por isso que tantas pessoas se autodenominam espirituais, mas n\u00e3o religiosas. 20% da popula\u00e7\u00e3o americana agora se identifica com a frase sou espiritual, mas n\u00e3o religioso. Adicione surpreendentes 75% dos millennials de 18 a 25 se identificam com essa frase&#8230;. 75%! Isso significa que <strong>eles n\u00e3o est\u00e3o procurando est\u00e1gios infantis de crescimento, mas est\u00e1gios reais de despertar<\/strong>.<\/p>\n\n\n\n<p class=\"has-large-font-size\"><strong>Gest\u00e3o Integral<\/strong><\/p>\n\n\n\n<p>Em <em>Capitalismo Consciente, Mackey e Sisodia  sustentam necessidade dos l\u00edderes terem pr\u00e1ticas contemplativas e citam a Sabedoria atemporal como crucial para L\u00edderes Integrais, em outras palavras do Despertar Real. Quantas vezes voc\u00ea v\u00ea isso coberto na recomenda\u00e7\u00e3o de neg\u00f3cios tradicional?<\/em><\/p>\n\n\n\n<p><\/p>\n\n\n\n<div class=\"wp-block-columns is-layout-flex wp-container-core-columns-is-layout-9d6595d7 wp-block-columns-is-layout-flex\">\n<div class=\"wp-block-column is-layout-flow wp-block-column-is-layout-flow\" style=\"flex-basis:33.33%\">\n<figure class=\"wp-block-image is-resized\"><img decoding=\"async\" src=\"https:\/\/images-na.ssl-images-amazon.com\/images\/I\/71RVPe3VyOL.jpg\" alt=\"Gest\u00e3o integral: Consci\u00eancia e complexidade nas organiza\u00e7\u00f5es | Amazon.com.br\" style=\"width:260px;height:372px\"\/><\/figure>\n<\/div>\n\n\n\n<div class=\"wp-block-column is-layout-flow wp-block-column-is-layout-flow\" style=\"flex-basis:66.66%\">\n<p><\/p>\n\n\n\n<p><\/p>\n\n\n\n<p class=\"has-text-align-left\">Em &#8220;Gest\u00e3o Integral&#8221;, Marcelo Cardoso, executivo com mais de 30 anos de experi\u00eancia em lideran\u00e7a em grandes empresas (M\u00e9todo Engenharia, Hopi Hari, Natura e Fleury) integra conte\u00fados para Transforma\u00e7\u00e3o Organizacional utilizando a Teoria Integral como um dos alicerces. Fundador do Chie Integrates, presidente do Instituto Integral Brasil e cocriador da MetaIntegral Brasil, Marcelo traz neste livro a inquieta\u00e7\u00e3o sobre o gap de desenvolvimento nos n\u00edveis pessoais e coletivos para enfrentar as complexidades e desafios do s\u00e9culo 21. Trata-se de uma refer\u00eancia excelente de como a Teoria Integral pode ajudar a sistematizar novas formas de pensar as organiza\u00e7\u00f5es.<\/p>\n<\/div>\n<\/div>\n\n\n\n<p><\/p>\n\n\n\n<p>Um verdadeiro neg\u00f3cio \u00e9tico deve cobrir a lei integral em diversas disciplinas: na educa\u00e7\u00e3o, medicina, pol\u00edtica, etc e o Mapa Integral est\u00e1 a servi\u00e7o exatamente para isso. Para cen\u00e1rios Complexos e Amb\u00edguos, Incertos e Vol\u00e1teis, a abordagem integral surge como uma ferramenta cada vez mais indispens\u00e1vel. <\/p>\n\n\n\n<p>Bom, pessoal. Por hoje \u00e9 isso. Conte\u00fado denso, mas extremamente importante e necess\u00e1rio. Espero que o ajude no seu caminho de Desenvolvimento, Autoconhecimento e Lideran\u00e7a. Nos vemos em breve \ud83d\ude09 <\/p>\n\n\n\n<p>Refer\u00eancias:<\/p>\n\n\n\n<p><\/p>\n\n\n\n<p> <em>Success 3.0 Summit em outubro de 2014 em Boulder, Colorado, EUA<\/em> <\/p>\n\n\n\n<p><a href=\"https:\/\/institutointegralbrasil.com.br\/\">Instituto Integral Brasil<\/a> &amp; <a href=\"https:\/\/www.ariraynsford.com.br\/\">Professor Ary Raynsford<\/a> &#8211; curso &#8220;A vis\u00e3o integral de Ken Wilber&#8221;<\/p>\n\n\n\n<p>&#8220;Capitalismo Consciente&#8221; [John Mackey \/ Raj Sisodia ]<\/p>\n\n\n\n<p>&#8220;Gest\u00e3o Integral&#8221;  [Marcelo Cardoso]<\/p>\n\n\n\n<p><\/p>\n\n\n\n<p><\/p>\n\n\n\n<p><\/p>\n\n\n\n<p><\/p>\n","protected":false},"excerpt":{"rendered":"<p>Conhecido como o &#8220;Einstein da Consci\u00eancia&#8221;, Ken Wilber prop\u00f5e uma abordagem Integral para praticamente todos os campos do saber e fazer &#8211; sua teoria vem sendo aplicada com sucesso em diversas disciplinas, de Neg\u00f3cios a Sa\u00fade, Pol\u00edtica, Economia e na vida pessoal<\/p>\n","protected":false},"author":8,"featured_media":3347,"comment_status":"open","ping_status":"open","sticky":false,"template":"","format":"standard","meta":{"footnotes":""},"categories":[401,251,358,24,377,8,328,359,277,9,1,5,4],"tags":[448,454,450,455,143,449,457,453,458,451,456,452,460],"class_list":["post-3187","post","type-post","status-publish","format-standard","hentry","category-amor","category-autoconhecimento","category-autorrealizacao","category-ego","category-jornada","category-mente","category-mindfulness","category-proposito","category-samadhi","category-alma","category-uncategorized","category-familia","category-geral","tag-abordagem-integral","tag-aqal","tag-ary-raynsford","tag-capitalismo-consciente","tag-integral","tag-ken-wilber","tag-linhas","tag-mapa-integral","tag-niveis","tag-prof-ary-raynsford","tag-quadrantes","tag-teorias-organizacionais","tag-tipos"],"_links":{"self":[{"href":"https:\/\/www.mindsoultrainer.com\/index.php?rest_route=\/wp\/v2\/posts\/3187","targetHints":{"allow":["GET"]}}],"collection":[{"href":"https:\/\/www.mindsoultrainer.com\/index.php?rest_route=\/wp\/v2\/posts"}],"about":[{"href":"https:\/\/www.mindsoultrainer.com\/index.php?rest_route=\/wp\/v2\/types\/post"}],"author":[{"embeddable":true,"href":"https:\/\/www.mindsoultrainer.com\/index.php?rest_route=\/wp\/v2\/users\/8"}],"replies":[{"embeddable":true,"href":"https:\/\/www.mindsoultrainer.com\/index.php?rest_route=%2Fwp%2Fv2%2Fcomments&post=3187"}],"version-history":[{"count":89,"href":"https:\/\/www.mindsoultrainer.com\/index.php?rest_route=\/wp\/v2\/posts\/3187\/revisions"}],"predecessor-version":[{"id":5170,"href":"https:\/\/www.mindsoultrainer.com\/index.php?rest_route=\/wp\/v2\/posts\/3187\/revisions\/5170"}],"wp:featuredmedia":[{"embeddable":true,"href":"https:\/\/www.mindsoultrainer.com\/index.php?rest_route=\/wp\/v2\/media\/3347"}],"wp:attachment":[{"href":"https:\/\/www.mindsoultrainer.com\/index.php?rest_route=%2Fwp%2Fv2%2Fmedia&parent=3187"}],"wp:term":[{"taxonomy":"category","embeddable":true,"href":"https:\/\/www.mindsoultrainer.com\/index.php?rest_route=%2Fwp%2Fv2%2Fcategories&post=3187"},{"taxonomy":"post_tag","embeddable":true,"href":"https:\/\/www.mindsoultrainer.com\/index.php?rest_route=%2Fwp%2Fv2%2Ftags&post=3187"}],"curies":[{"name":"wp","href":"https:\/\/api.w.org\/{rel}","templated":true}]}}