{"id":3253,"date":"2022-01-10T18:04:00","date_gmt":"2022-01-10T18:04:00","guid":{"rendered":"https:\/\/mindsoultrainer.com\/?p=3253"},"modified":"2022-01-18T01:50:52","modified_gmt":"2022-01-18T01:50:52","slug":"3253","status":"publish","type":"post","link":"https:\/\/www.mindsoultrainer.com\/?p=3253","title":{"rendered":"Liderar: um ato de(o) Amor"},"content":{"rendered":"\n<p><\/p>\n\n\n\n<h2 class=\"wp-block-heading\">Movimento e Evolu\u00e7\u00e3o<\/h2>\n\n\n\n<p>Trabalhar e conviver diariamente com pessoas not\u00e1veis, inteligentes, criativas, inovadoras \u00e9 uma das coisas que mais me motiva diariamente. Sempre me fascinou <strong>aprender sobre temas diversos<\/strong>. Ao longo de minha carreira fui descobrindo, pela experi\u00eancia di\u00e1ria, conversando com pessoas diferentes, de perfis diferentes, em \u00e1reas diversas, e viajando para novos lugares, <strong>vendo o mundo atrav\u00e9s dos seus distintos olhares<\/strong>, sob suas perspectivas \u00fanicas. Isto verdadeiramente me faz feliz. <\/p>\n\n\n\n<p>Percebi que<strong> a \u00fanica forma de realmente poder conhecer o Todo, o mundo, a cria\u00e7\u00e3o de Deus, \u00e9 atrav\u00e9s da percep\u00e7\u00e3o n\u00e3o apenas minha, mas das percep\u00e7\u00f5es dos outros com seus olhos, ouvidos, tatos, olfatos, paladares, pensamentos distintos de cada um das pessoas com quem interajo, pois apenas a soma de todas estas pequenas e incompletas partes, pode se aproximar do que realmente \u00e9 o Um, o Todo.<\/strong> Gosto de acreditar que cada ser do Universo det\u00e9m um pequeno pedacinho do mapa da Obra de Deus, desta forma, enxergar esta vis\u00e3o \u00fanica do seu pedacinho do mapa, nos leva a compor nossa vis\u00e3o ampliada sobre a Realidade em que estamos inseridos.<\/p>\n\n\n\n<p>Percebi ao longo de minha caminhada que aquelas pessoas com quem eu mais discordo em opini\u00f5es, s\u00e3o delas que eu mais preciso e, diferente de antes, agora eu as quero ouvir, e muito&#8230;  Suas posi\u00e7\u00f5es, opini\u00f5es, contradi\u00e7\u00f5es, todas elas t\u00eam seu cabimento de existir e existem por algum motivo, que talvez eu ainda n\u00e3o tenha sido capaz de compreender: &#8220;<em>Not Yet<\/em>&#8220;, como diria Carol S. Dweck em seu <em>best seller<\/em> <em><strong>Growth Mindset<\/strong><\/em>. N\u00e3o acredito que opini\u00f5es divergentes que chegam a mim, cheguem ao acaso, todas elas fazem parte de um todo, e comp\u00f5em o meu plano de me tornar melhor hoje do que j\u00e1 fui ontem, e amanh\u00e3 ainda melhor do que estou hoje. Como disse Einstein, &#8220;Deus n\u00e3o joga dados&#8221;, sob esta perspectiva, o acaso simplesmente n\u00e3o existe. <strong>A vida que vale a pena \u00e9 a vida em movimento, a vida em evolu\u00e7\u00e3o, em constante revis\u00e3o, aprendizados e ajustes.<\/strong> N\u00e3o acredito em posi\u00e7\u00f5es finais e \u00fanicas. A vida evolui, o tempo todo. E como diz um amigo: &#8220;Siri que fica parado, a onda leva&#8221;. <\/p>\n\n\n\n<p>Este video abaixo que circulou nas redes sociais na virada do ano 2021 para 2022 (me perd\u00f5em por n\u00e3o ter conseguido encontrar a fonte e refer\u00eancia para os cr\u00e9ditos), \u00e9 bastante tocante sobre a import\u00e2ncia de termos uma vida com signficado, com movimento.<\/p>\n\n\n\n<div class=\"wp-block-kioken-videobox kioken-videobox-_092afb-63 has-animator\" data-video-type=\"video\" data-video=\"mp4:https:\/\/mindsoultrainer.com\/wp-content\/uploads\/2021\/11\/VID-20211231-WA0011.mp4\" data-video-aspect-ratio=\"16:9\" data-video-volume=\"100\" data-click-action=\"plain\" data-object-id=\"_092afb-63\" data-video-autoplay=\"true\" data-video-autopause=\"true\" data-anim-from=\"vertical\" data-anim-duration=\"1\" data-anim-distance=\"50\" data-anim-scale-x=\"1\" data-anim-scale-y=\"1\" data-anim-easing=\"easeInOut\" data-anim-effect=\"Cubic\"><div class=\"kioken-video-poster\"><img decoding=\"async\" width=\"2363\" height=\"1773\" src=\"https:\/\/mindsoultrainer.com\/wp-content\/uploads\/2022\/01\/dearfriend.png\" class=\"attachment-full size-full\" alt=\"\" loading=\"lazy\" srcset=\"https:\/\/mindsoultrainer.com\/wp-content\/uploads\/2022\/01\/dearfriend.png 2363w, https:\/\/mindsoultrainer.com\/wp-content\/uploads\/2022\/01\/dearfriend-300x225.png 300w, https:\/\/mindsoultrainer.com\/wp-content\/uploads\/2022\/01\/dearfriend-1024x768.png 1024w, https:\/\/mindsoultrainer.com\/wp-content\/uploads\/2022\/01\/dearfriend-768x576.png 768w, https:\/\/mindsoultrainer.com\/wp-content\/uploads\/2022\/01\/dearfriend-1536x1152.png 1536w, https:\/\/mindsoultrainer.com\/wp-content\/uploads\/2022\/01\/dearfriend-2048x1537.png 2048w, https:\/\/mindsoultrainer.com\/wp-content\/uploads\/2022\/01\/dearfriend-1200x900.png 1200w, https:\/\/mindsoultrainer.com\/wp-content\/uploads\/2022\/01\/dearfriend-800x600.png 800w\" sizes=\"auto, (max-width: 2363px) 100vw, 2363px\" \/><\/div><div class=\"kioken-video-play-icon\"><div style=\"display:inline-flex;justify-content:center;align-items:center\"><svg viewbox=\"0 0 512 512\" height=\"48\" width=\"48\" fill=\"currentColor\" xmlns=\"http:\/\/www.w3.org\/2000\/svg\" style=\"fill:currentColor;display:inline-block;vertical-align:middle\" role=\"img\" aria-hidden=\"true\"><path d=\"M256 8C119 8 8 119 8 256s111 248 248 248 248-111 248-248S393 8 256 8zm115.7 272l-176 101c-15.8 8.8-35.7-2.5-35.7-21V152c0-18.4 19.8-29.8 35.7-21l176 107c16.4 9.2 16.4 32.9 0 42z\"><\/path><\/svg><\/div><\/div><div class=\"kioken-video-loading-icon\"><span class=\"kioken-video-spinner\"><\/span><\/div><\/div>\n\n\n\n<p>Percebi tamb\u00e9m, ao longo da minha caminhada, que minha vis\u00e3o parcial e distorcida do mundo, a minha capacidade restrita de sentir e perceber as coisas n\u00e3o \u00e9, e nunca ser\u00e1, suficiente, para realmente me permitir entender o cabimento da exist\u00eancia, o funcionamento do mundo, do Universo, o meu cabimento aqui. Meus 5 (ou 6) sentidos s\u00e3o insuficientes. Por isso, considero que n\u00f3s todos somos imperfeitos, todos somos PCDs (Pessoas Com Defici\u00eancia), alguma que seja. Se n\u00e3o fosse assim, acredito que esta exist\u00eancia n\u00e3o seria de valia alguma. Se estamos aqui, temos coisas  aprender, li\u00e7\u00e3o de casa a fazer &#8211; me desculpem aos que j\u00e1 se julgarem perfeitos pela diverg\u00eancia de opini\u00f5es.  Por exemplo, entendo que <strong>ouvir deva ser muito mais importante que falar. Quem apenas fala e n\u00e3o houve, n\u00e3o acrescenta nada ao que j\u00e1 sabia, mas quem ouve atentamente, reflete sobre e muda, esse evolui para um amanh\u00e3 melhor do que o hoje. N\u00e3o \u00e0 toa, como diz o prov\u00e9rbio oriental, o Criador nos dotou de dois ouvidos, duas orelhas, mas de apenas uma boca. Deve haver um motivo relevante para esta especifica\u00e7\u00e3o da nossa m\u00e1quina humana, n\u00e3o?!?! <\/strong><\/p>\n\n\n\n<div class=\"wp-block-image is-style-default\"><figure class=\"aligncenter is-resized\"><img loading=\"lazy\" decoding=\"async\" src=\"https:\/\/images.pexels.com\/photos\/344102\/pexels-photo-344102.jpeg?auto=compress&amp;cs=tinysrgb&amp;h=750&amp;w=1260\" alt=\"Duas Mulheres Sentadas No Ch\u00e3o Perto Da Fogueira\" width=\"545\" height=\"363\"\/><figcaption><em>Escuta ativa &#8211; voc\u00ea  (ainda) tem?!?!<\/em><\/figcaption><\/figure><\/div>\n\n\n\n<p>Aprendo todos os dias, desde a hora que acordo at\u00e9 a hora de dormir, comigo mesmo, mas especialmente com as outras  pessoas, todas elas, independente das suas posi\u00e7\u00f5es, forma\u00e7\u00f5es origem, de suas opini\u00f5es divergentes, de suas crises, de suas loucuras, suas genialidades, suas cria\u00e7\u00f5es magn\u00edficas e outras n\u00e3o t\u00e3o nobres assim&#8230;infelizmente&#8230;.<\/p>\n\n\n\n<p>Busco me colocar em posi\u00e7\u00e3o neutra, como ensina a filosofia do Yoga e tantas outras tradi\u00e7\u00f5es, buscando apenas observar, sem nenhum julgamento sobre as situa\u00e7\u00f5es, as ocorr\u00eancias, as atitudes de cada um. Buscando manter o equil\u00edbrio e a Mente Neutra, conforme vimos em detalhe nos 3 (tr\u00eas) primeiros posts do <strong><em>@mindsoultrainer.com<\/em><\/strong>: <\/p>\n\n\n\n<p><\/p>\n\n\n\n<ul class=\"wp-block-list\"><li><a href=\"https:\/\/www.mindsoultrainer.com\/?p=157\">Equilibrio (Balance)<\/a><\/li><li><a href=\"https:\/\/www.mindsoultrainer.com\/?p=230\">Eu n\u00e3o sou a minha mente\u2026<\/a><\/li><li><a href=\"https:\/\/www.mindsoultrainer.com\/?p=251\">Consci\u00eancia, Mente e Ego<\/a><\/li><\/ul>\n\n\n\n<p><br>Neste estado de imperman\u00eancia, mas de neutralidade, de aten\u00e7\u00e3o de plena, de consci\u00eancia aberta e dispon\u00edvel, observo e busco entender, comparar e interpretar a realidade de cada um, em rela\u00e7\u00e3o \u00e0 minha pr\u00f3pria. <strong>Procuro entender de que forma aquele novo olhar sobre o mundo pode contribuir para um melhor entendimento que eu tenho do mundo. E toda vez que chego a conclus\u00e3o que aquela forma de pensar pode me ajudar a moldar melhor o meu modelo sobre a Realidade, eu incluo no meu pr\u00f3prio olhar. <\/strong>De fato, este \u00e9 o princ\u00edpio fundamental da <a href=\"https:\/\/www.mindsoultrainer.com\/?p=3187\">Teoria Integral<\/a>, que mais tarde conheci e estudei, e da qual falamos tamb\u00e9m numa publica\u00e7\u00e3o recente que fizemos aqui. Faz total sentido num caminho evolutivo: incluir e integrar, incluir e integrar, o caminho da evolu\u00e7\u00e3o e da sabedoria. Infelizmente a maior parte das pessoas, nesta viv\u00eancia, parece estar no caminho contr\u00e1rio: polarizar e dividir, que obviamente \u00e9 um caminho de retrocesso para evolu\u00e7\u00e3o da Consci\u00eancia Humana. <\/p>\n\n\n\n<p>Para que a reflex\u00e3o da integra\u00e7\u00e3o seja poss\u00edvel, \u00e9 preciso estar livre das &#8220;certezas&#8221; do ego, das verdades parciais e dos h\u00e1bitos r\u00edgidos e &#8220;estabelecidos&#8221;. \u00c9 preciso treino e aten\u00e7\u00e3o, a todo o momento. <strong>\u00c9 preciso paci\u00eancia com as pessoas que ainda n\u00e3o tem esse discernimento e monopolizam o canal da comunicac\u00e3o<\/strong>, mas que,  entendam, tamb\u00e9m est\u00e3o em evolu\u00e7\u00e3o, e buscando aprender aqui neste exist\u00eancia, cada um em um certo degrau e a seu tempo. <strong>Respeito e Compaix\u00e3o <\/strong>s\u00e3o a chave da evolu\u00e7\u00e3o, que est\u00e3o inclu\u00eddos na mensagem de Amor do Cristo, nos mandamentos e tratados \u00e9ticos e morais de todas as tradi\u00e7\u00f5es do mundo, independente dos seus dogmas e sua &#8220;roupagem&#8221;.  Descrevemos exatamente este processo durante as publica\u00e7\u00f5es sobre Autoconhecimento. Em  <a href=\"https:\/\/www.mindsoultrainer.com\/?p=251\">Consci\u00eancia, Mente e Ego<\/a> descrevemos o funcionamento da psique humana a partir do entendimento do Yoga. Nos post seguintes, partindo de <a href=\"https:\/\/www.mindsoultrainer.com\/?p=334\">Raja Yoga<\/a>, passamos por todo o Caminho \u00d3ctuplo, o <strong>Ashtanga Yoga<\/strong>: <strong>Yamas <\/strong>(<a href=\"https:\/\/www.mindsoultrainer.com\/?p=405\">Ahimsa<\/a>, <a href=\"https:\/\/www.mindsoultrainer.com\/?p=436\">Satya<\/a>, <a href=\"https:\/\/www.mindsoultrainer.com\/?p=469\">Asteya<\/a>, <a href=\"https:\/\/www.mindsoultrainer.com\/?p=509\">Aparigraha<\/a>, <a href=\"https:\/\/www.mindsoultrainer.com\/?p=546\">Brahma-Charya<\/a>), <strong>Niyamas <\/strong>(<a href=\"https:\/\/www.mindsoultrainer.com\/?p=607\">Saucha<\/a>, <a href=\"https:\/\/www.mindsoultrainer.com\/?p=639\">Santosha<\/a>, <a href=\"https:\/\/www.mindsoultrainer.com\/?p=673\">Tapas<\/a>, <a href=\"https:\/\/www.mindsoultrainer.com\/?p=737\">Svadhyaya<\/a>, <a href=\"https:\/\/www.mindsoultrainer.com\/?p=877\">Ishwara-Pranidhana<\/a>), <strong><a href=\"https:\/\/www.mindsoultrainer.com\/?p=914\">\u00c1sanas<\/a><\/strong>, <strong><a href=\"https:\/\/www.mindsoultrainer.com\/?p=1087\">Pranayama<\/a><\/strong>, <strong><a href=\"https:\/\/www.mindsoultrainer.com\/?p=1463\">Pratyahara<\/a><\/strong>,  <strong><a href=\"https:\/\/www.mindsoultrainer.com\/?p=1568\">Dharana<\/a><\/strong>, <strong><a href=\"https:\/\/www.mindsoultrainer.com\/?p=1582\">Dhyana <\/a><\/strong>e <strong><a href=\"https:\/\/www.mindsoultrainer.com\/?p=1686\">Samadhi<\/a><\/strong>, que cont\u00e9m a &#8220;f\u00f3rmula&#8221; codificada por Patanjali para nos tornarmos mais centrados e seguros da nossa exist\u00eancia, para encontrarmos o prop\u00f3sito da nossa exist\u00eancia, a ter autorrealiza\u00e7\u00e3o. Acredito que <strong>a Consci\u00eancia de Deus seja a soma de todas as consci\u00eancias que existem, logo cada vez que tenho a humildade de me abrir para entender a consci\u00eancia de mais algu\u00e9m, e abro espa\u00e7o para que o outro possa desenvolver tamb\u00e9m a sua consci\u00eancia, isso me aproxima mais do Criador.<\/strong><\/p>\n\n\n\n<div class=\"wp-block-image is-style-default\"><figure class=\"aligncenter is-resized\"><img loading=\"lazy\" decoding=\"async\" src=\"https:\/\/images.pexels.com\/photos\/917076\/pexels-photo-917076.jpeg?auto=compress&amp;cs=tinysrgb&amp;h=750&amp;w=1260\" alt=\"Flores Amarelas\" width=\"567\" height=\"335\"\/><\/figure><\/div>\n\n\n\n<p>Tudo o que aprendo, busco colocar a servi\u00e7o, para que mais pessoas possam se beneficiar, se assim entenderem \u00fatil. Procuro <strong>transbordar o conhecimento que me foi oferecido para ajudar a quem necessitar e busco que possa evoluir tamb\u00e9m no entendimento dos demais.<\/strong> Sempre que existe abertura, procuro ensinar o que sei \u00e0s pessoas. <strong>Ensinar \u00e9 a prova mais elevada para quem quer aprender. <\/strong>Existe uma sabedoria enorme na seguinte express\u00e3o de Clarice Lispector &#8220;<strong>Quem caminha sozinho pode at\u00e9 chegar mais r\u00e1pido, mas aquele que vai acompanhado, com certeza vai mais longe<\/strong>&#8221; porque \u00e9 evidente que a for\u00e7a do grupo \u00e9 infinitamente superior a qualquer esfor\u00e7o individual. <\/p>\n\n\n\n<div class=\"wp-block-image is-style-default\"><figure class=\"aligncenter is-resized\"><img loading=\"lazy\" decoding=\"async\" src=\"https:\/\/images.pexels.com\/photos\/7521301\/pexels-photo-7521301.jpeg?auto=compress&amp;cs=tinysrgb&amp;h=750&amp;w=1260\" alt=\"Foto profissional gr\u00e1tis de aluno, aprendendo, aprendiz\" width=\"527\" height=\"351\"\/><figcaption><em>Ensinar \u00e9 o est\u00e1gio mais avan\u00e7ado do aprender<\/em><\/figcaption><\/figure><\/div>\n\n\n\n<blockquote class=\"wp-block-quote is-layout-flow wp-block-quote-is-layout-flow\"><p><em>Se voc\u00ea quiser aprender algo, leia sobre o assunto.<br>Se quiser compreender algo, escreva.<br>Se quiser se tornar um mestre, ensine.<\/em><\/p><cite><em>Harbhajan Singh Khalsa- Yogi Bhajan<\/em><\/cite><\/blockquote>\n\n\n\n<p>Nas experi\u00eancias que tive como professor, mestre, apresentador, palestrante, coach, mentor, ficou evidente para mim, que <strong>para ensinar verdadeiramente algo \u00e9 necess\u00e1rio conhecer profundamente sobre o tema.<\/strong> A responsabildade, para com o outro, de ensinar o mais correta e fidedignamente poss\u00edvel \u00e9 parte do Ashtanga e me obriga a aprofundar enormemente nos estudos e no entendimento, me obriga a <strong>seguir aprendendo e evoluindo<\/strong>, em cont\u00ednuo movimento. Ensinando, voc\u00ea ganha sempre, seu esfor\u00e7o \u00e9 sempre muito mais que recompensado, n\u00e3o apenas pelo aprendizado que lhe soma, mas pela energia que movimenta exponencialmente em todos cuja sua palavra e ensinamentos toca.  <\/p>\n\n\n\n<p>Durante os \u00faltimos anos tenho dedicado uma boa parte do meu tempo estudando sobre <strong>Autoconhecimento e sobre a realiza\u00e7\u00e3o do Ser<\/strong>, e busco utilizar toda essa riqueza de conhecimento no meu dia a dia, na minha vida pessoal e profissional. Ao mesmo tempo, observo atentamente os <strong>diferentes tipos de lideran\u00e7a e l\u00edderes<\/strong>, tanto os <strong>l\u00edderes hist\u00f3ricos e simb\u00f3licos<\/strong>, como os <strong>de &#8220;carne e osso&#8221;<\/strong>, alguns dos quais tenho o privil\u00e9gio de conviver todos os dias. Essa foi a forma que entendi ser uma das minhas contribui\u00e7\u00f5es nesta vida: unir autoconhecimento com o desempenhar as atividades executivas em empresas e carreiras e ajudar l\u00edderes e colaboradores em suas jornadas de evolu\u00e7\u00e3o e crescimento. <\/p>\n\n\n\n<p>Conversar com as pessoas sobre <strong>carreira e seu desenvolvimento profissional <\/strong>\u00e9 uma coisa que fui descobrindo ao longo da jornada, me traz uma enorme alegria. Uma das coisas mais prazerosas para mim \u00e9 poder <strong>ver e acompanhar a evolu\u00e7\u00e3o das pessoas,<\/strong> tanto <strong>pessoalmente como profissionalmente<\/strong>. Ali\u00e1s, este \u00e9 o motivo, o prop\u00f3sito deste espa\u00e7o, o <em><strong><a href=\"http:\/\/www.mindsoultrainer.com\">@mindsoultrainer<\/a><\/strong><\/em> : poder compartilhar estas possibilidades a quem quiser. <strong>Possibilidades infinitas de crescimento,<\/strong> de <strong>autoconhecimento, <\/strong>de evolu\u00e7\u00e3o pessoal e profissional, uma contribui\u00e7\u00e3o aberta para quem quiser aproveit\u00e1-las. <\/p>\n\n\n\n<p><\/p>\n\n\n\n<h2 class=\"wp-block-heading\">Como se tornar um(a) l\u00edder?! Um(a) l\u00edder melhor?!<\/h2>\n\n\n\n<div class=\"wp-block-image is-style-default\"><figure class=\"aligncenter is-resized\"><img loading=\"lazy\" decoding=\"async\" src=\"https:\/\/images.pexels.com\/photos\/761977\/pexels-photo-761977.jpeg?auto=compress&amp;cs=tinysrgb&amp;h=750&amp;w=1260\" alt=\"Foto De Uma Mulher Segurando Um Ipad\" width=\"336\" height=\"489\"\/><figcaption><em><strong>O que preciso melhorar para &#8220;chegar l\u00e1&#8221; ?!?!<\/strong><\/em><\/figcaption><\/figure><\/div>\n\n\n\n<p>Nas sess\u00f5es de Coaching e Mentoring que realizo, duas perguntas frequentes que recebo s\u00e3o:<em> &#8220;i) o que posso fazer para me tornar um l\u00edder melhor?  ii) O que preciso melhorar para &#8220;chegar l\u00e1&#8221;?! <\/em><\/p>\n\n\n\n<p>A primeira coisa que explico para algu\u00e9m que quer ser l\u00edder \u00e9 que: <strong>Para ser l\u00edder \u00e9 preciso gostar de gente<\/strong>. \u00c9 preciso ter um interesse leg\u00edtimo em montar um time, que objetiva ter um desempenho excepcional, mas que para isso acontecer \u00e9 fundamental que cada membro deste time tenha seu prop\u00f3sito e seu cabimento, para a equipe, para os demais membros do time e para si pr\u00f3prio. Do contr\u00e1rio nunca ser\u00e1 um time, apenas um amontoado de gente. Isto explica por algumas equipes transcendem e outras sucumbem. Ser l\u00edder \u00e9 muito mais que ser bom em algo. <strong>\u00c9 necess\u00e1rio ser bom em transformar pessoas, evoluir pessoas, doar-se de verdade, para que as pessoas possam trazer o seu melhor ao grupo. Levar talentos da excel\u00eancia individual \u00e0 coletiva<\/strong> &#8211; esse \u00e9 o papel de um grande l\u00edder. <\/p>\n\n\n\n<div class=\"wp-block-image is-style-default\"><figure class=\"aligncenter is-resized\"><img loading=\"lazy\" decoding=\"async\" src=\"https:\/\/images.pexels.com\/photos\/8834085\/pexels-photo-8834085.jpeg?auto=compress&amp;cs=tinysrgb&amp;h=750&amp;w=1260\" alt=\"Foto profissional gr\u00e1tis de #interior, anel, argola\" width=\"484\" height=\"322\"\/><figcaption><em>&#8220;Se voc\u00ea n\u00e3o gosta de servir aos outros, n\u00e3o seja um l\u00edder&#8221;<\/em><\/figcaption><\/figure><\/div>\n\n\n\n<p>Lideran\u00e7a verdadeira se firma atrav\u00e9s do ser e n\u00e3o apenas no fazer. Um l\u00edder verdadeiro faz a escolha de servir. <strong>Se voc\u00ea n\u00e3o gosta de servir aos outros, pelo amor, n\u00e3o seja um l\u00edder.<\/strong> Os maiores l\u00edderes que a humanidade j\u00e1 conheceu eram servidores e por isso inspiravam aos demais a realizarem seu m\u00e1ximo. Os piores l\u00edderes que a humanidade j\u00e1 conheceu eram os egoc\u00eantricos, que preferiam ser servidos a servir. Se decidir ser um l\u00edder, seja um dos bons! <\/p>\n\n\n\n<p>Um l\u00edder verdadeiro cria uma<strong> conex\u00e3o entre si e os seus liderados<\/strong>. Essa conex\u00e3o \u00e9 que <strong>permite que a hierarquia seja \u00fatil <\/strong>e n\u00e3o um entrave para a cria\u00e7\u00e3o de um time. O liderado se empenha n\u00e3o porque tem uma rela\u00e7\u00e3o chefe-subordinado, mas porque verdadeiramente sabe que tem muito a aprender e evoluir por ter um l\u00edder que o inspira e o empurra para frente todos os dias. <strong>Por mais desafiadora que seja a miss\u00e3o, existe um l\u00edder inspirador que o ajuda a transpor quaisquer obst\u00e1culos e ele percebe que evolui com a rela\u00e7\u00e3o. <\/strong><\/p>\n\n\n\n<p><\/p>\n\n\n\n<p><\/p>\n\n\n\n<h2 class=\"wp-block-heading\">O l\u00edder servidor<\/h2>\n\n\n\n<div class=\"wp-block-image is-style-default\"><figure class=\"aligncenter\"><img decoding=\"async\" src=\"https:\/\/qt.azureedge.net\/resources\/authors-images-large\/robert-k-greenleaf.jpg\" alt=\"Robert K. Greenleaf Quotations (28 Quotations) | QuoteTab\"\/><figcaption> ROBERT K. GREENLEAF <\/figcaption><\/figure><\/div>\n\n\n\n<blockquote class=\"wp-block-quote is-style-large is-layout-flow wp-block-quote-is-layout-flow\"><p>\u201cA organiza\u00e7\u00e3o existe para a pessoa tanto quanto a pessoa existe para a organiza\u00e7\u00e3o.\u201d<\/p><cite>ROBERT K. GREENLEAF<\/cite><\/blockquote>\n\n\n\n<p>  <\/p>\n\n\n\n<p>Em seu ensaio: <em>&#8220;The Servant as Leader&#8221;<\/em>, publicado em 1970, Robert K. GreenLeaf prop\u00f4s que <em>&#8220;os melhores l\u00edderes eram os servos primeiro, e as ferramentas-chave para um l\u00edder-servo inclu\u00edam escuta, persuas\u00e3o, acesso \u00e0 intui\u00e7\u00e3o e previs\u00e3o, uso da linguagem e medidas pragm\u00e1ticas de resultados.&#8221; <\/em><strong>&#8220;Apenas quando a escolha de servir embasa a forma\u00e7\u00e3o moral de um l\u00edder, o poder hier\u00e1rquico que separa o l\u00edder dos liderados n\u00e3o se corrompe.&#8221; <\/strong>A hierarquia \u00e9 necess\u00e1ria, para ordem e efic\u00e1cia, mas apenas se os l\u00edderes escolherem servir \u00e0queles que lideram, se realmente enxergarem o seu trabalho, a sua raz\u00e3o fundamental de exist\u00eancia, como de servi\u00e7o verdadeiro, ent\u00e3o o l\u00edder atingira sua m\u00e1xima performance.<\/p>\n\n\n\n<p><\/p>\n\n\n\n<div class=\"wp-block-columns is-layout-flex wp-container-core-columns-is-layout-9d6595d7 wp-block-columns-is-layout-flex\">\n<div class=\"wp-block-column is-layout-flow wp-block-column-is-layout-flow\">\n<div class=\"wp-block-image\"><figure class=\"aligncenter size-large is-resized\"><img loading=\"lazy\" decoding=\"async\" src=\"https:\/\/mindsoultrainer.com\/wp-content\/uploads\/2022\/01\/image-2-1024x1019.png\" alt=\"\" class=\"wp-image-3764\" width=\"280\" height=\"278\" srcset=\"https:\/\/www.mindsoultrainer.com\/wp-content\/uploads\/2022\/01\/image-2-1024x1019.png 1024w, https:\/\/www.mindsoultrainer.com\/wp-content\/uploads\/2022\/01\/image-2-150x150.png 150w, https:\/\/www.mindsoultrainer.com\/wp-content\/uploads\/2022\/01\/image-2-768x764.png 768w, https:\/\/www.mindsoultrainer.com\/wp-content\/uploads\/2022\/01\/image-2-40x40.png 40w, https:\/\/www.mindsoultrainer.com\/wp-content\/uploads\/2022\/01\/image-2-400x398.png 400w, https:\/\/www.mindsoultrainer.com\/wp-content\/uploads\/2022\/01\/image-2-200x200.png 200w, https:\/\/www.mindsoultrainer.com\/wp-content\/uploads\/2022\/01\/image-2.png 1059w\" sizes=\"auto, (max-width: 280px) 100vw, 280px\" \/><figcaption><em>Jiddu Krishnamurti (1895~1986) foi um fil\u00f3sofo, escritor, orador e educador indiano. Proferiu discursos que envolveram temas como revolu\u00e7\u00e3o psicol\u00f3gica, medita\u00e7\u00e3o, conhecimento, liberdade, rela\u00e7\u00f5es humanas, a natureza da mente, a origem do pensamento e a realiza\u00e7\u00e3o de mudan\u00e7as positivas na sociedade global<\/em><\/figcaption><\/figure><\/div>\n<\/div>\n\n\n\n<div class=\"wp-block-column is-layout-flow wp-block-column-is-layout-flow\">\n<p><\/p>\n\n\n\n<p style=\"font-size:15px\">&#8220;Eu n\u00e3o acredito em lideran\u00e7a. Penso que a pr\u00f3pria ideia de liderar algu\u00e9m \u00e9 antisocial e antiespiritual&#8221; &#8211; essa frase de Jiddu Krishnamurti \u00e9 bastante profunda e potencialmente motivo de muita discuss\u00e3o. Mas um correto entendimento dela nos ajuda a nos tornarmos l\u00edderes melhores. A provoca\u00e7\u00e3o de Krishnamurti \u00e9 que em ess\u00eancia todo ser humano pode atingir seu m\u00e1ximo potencial independente de ter ou n\u00e3o um l\u00edder &#8211; as pessoas que criam a depend\u00eancia psicol\u00f3gica sobre um l\u00edder falham em serem l\u00edderes de sua pr\u00f3pria hist\u00f3ria e seu pr\u00f3prio destino. A evolu\u00e7\u00e3o verdadeira de um ser humano n\u00e3o depende de algu\u00e9m que lhe diga o que fazer, mas da sua pr\u00f3pria capacidade de julgamento e discernimento. As pessoas que dependem de l\u00edderes, gurus, guias, etc&#8230; que lhes digam o que fazer sem questionamento n\u00e3o est\u00e3o verdadeiramente evoluindo, pois est\u00e3o vivendo a hist\u00f3ria de outrem e n\u00e3o necessariamente as suas pr\u00f3prias. &#8220;Os mestres (ou l\u00edderes) indicam os caminhos, mas \u00e9 voc\u00ea mesmo que precisa definir e trilhar o seu&#8221;<\/p>\n<\/div>\n<\/div>\n\n\n\n<p><\/p>\n\n\n\n<div class=\"wp-block-columns is-layout-flex wp-container-core-columns-is-layout-9d6595d7 wp-block-columns-is-layout-flex\">\n<div class=\"wp-block-column is-layout-flow wp-block-column-is-layout-flow\">\n<div class=\"wp-block-image\"><figure class=\"aligncenter\"><img decoding=\"async\" src=\"https:\/\/i.pinimg.com\/474x\/c8\/f9\/36\/c8f9363b5c294ce51145a8dde58a3b11--dalai-lama-masters.jpg\" alt=\"Pin on Road to a better me.\"\/><figcaption><em>&#8220;Voc\u00ea \u00e9 o seu pr\u00f3prio mestre &#8211; Buddha apenas mostra o caminho&#8221;<\/em> [Dalai Lama]<\/figcaption><\/figure><\/div>\n<\/div>\n\n\n\n<div class=\"wp-block-column is-layout-flow wp-block-column-is-layout-flow\">\n<p><\/p>\n\n\n\n<p style=\"font-size:15px\">Um bom l\u00edder mostra o caminho, ou alternativas de caminhos a partir de sua experi\u00eancia, viv\u00eancia e conhecimentos. Cabe a cada um refletir, discernir e tomar suas pr\u00f3prias decis\u00f5es, com suas consequ\u00eancias: recompensas e revezes. A terceiriza\u00e7\u00e3o da responsabilidade das consequ\u00eancias \u00e9 uma ilus\u00e3o. Buscar um l\u00edder para depositar sobre ele todas as responsabilidades e expectativas \u00e9 um erro grave (e comum, infelizmente). Um l\u00edder verdadeiro n\u00e3o busca seguidores, busca formar novos L\u00edderes (verdadeiros, com L mai\u00fasculo), donos de suas pr\u00f3prias decis\u00f5es e destino, preocupados em formar outros, e assim por diante. Essa \u00e9 verdadeira Lideran\u00e7a.<\/p>\n<\/div>\n<\/div>\n\n\n\n<p>A falta de l\u00edderes verdadeiros nas institui\u00e7\u00f5es contempor\u00e2neas decorre de que a <strong>maior parte das pessoas chegaram a posi\u00e7\u00f5es de autoridade por causa de suas habilidades t\u00e9cnicas ou de suas corretas tomada de decis\u00f5es, do seu  bom senso pol\u00edtico e\/ou de seu desejo de riqueza e poder, MAS n\u00e3o necessariamente porque s\u00e3o ou desejam ser bons l\u00edderes.<\/strong> <\/p>\n\n\n\n<p>A escolha fundamental que permite a verdadeira lideran\u00e7a em todas as situa\u00e7\u00f5es (incluindo, mas n\u00e3o limitada \u00e0 lideran\u00e7a hier\u00e1rquica) \u00e9 a escolha de servir \u00e0 vida. Num sentido mais profundo, Greenleaf sugere que <em><strong>&#8220;a capacidade verdadeira de um l\u00edder prov\u00e9m da sua escolha de permitir que a vida se desdobre atrav\u00e9s dele e n\u00e3o sob a imposi\u00e7\u00e3o de suas vontades e &#8216;achismos'&#8221;<\/strong><\/em>, o que o torna mais ditador, menos l\u00edder. <\/p>\n\n\n\n<p><\/p>\n\n\n\n<div class=\"wp-block-image is-style-default\"><figure class=\"aligncenter is-resized\"><img loading=\"lazy\" decoding=\"async\" src=\"https:\/\/images.pexels.com\/photos\/39511\/purple-grapes-vineyard-napa-valley-napa-vineyard-39511.jpeg?auto=compress&amp;cs=tinysrgb&amp;h=750&amp;w=1260\" alt=\"Mirtilo Com Folhas Verdes Durante O Dia\" width=\"553\" height=\"369\"\/><figcaption><em>Somos videiras -gerando nossas pr\u00f3prias uvas, por\u00e9m ajudando o Universo, a Corpora\u00e7\u00e3o, a Fam\u00edlia, a Sociedade a realizar os seus pr\u00f3prios Prop\u00f3sito<\/em>s<\/figcaption><\/figure><\/div>\n\n\n\n<p><\/p>\n\n\n\n<h2 class=\"wp-block-heading\">Por que Liderar \u00e9 um ato de Amor ?!<\/h2>\n\n\n\n<p>Para chegar a essa percep\u00e7\u00e3o de Greenleaf <strong>\u00e9 necess\u00e1rio profundo Autoconhecimento, entender seu pr\u00f3prio prop\u00f3sito e qual seu papel nesta vida.<\/strong> Sem esta compreens\u00e3o profunda, um pseudo-lider n\u00e3o concordar\u00e1 que seus &#8220;achismos&#8221; e vontades s\u00e3o menos relevantes do que a grandiosidade do papel de um verdadeiro l\u00edder. <\/p>\n\n\n\n<p><strong>Por este motivo, afirmo que &#8220;LIDERAR \u00c9 UM ATO DE AMOR, e o AUTOCONHECIMENTO \u00c9 O IN\u00cdCIO DA JORNADA DO L\u00cdDER VERDADEIRO&#8221;. E por este motivo, dedico aten\u00e7\u00e3o m\u00e1xima a este tema, que \u00e9 inclusive ao Prop\u00f3sito do @mindsoultrainer.com: ao realizar o seu potencial atrav\u00e9s do Autoconhecimento.<\/strong><\/p>\n\n\n\n<p><\/p>\n\n\n\n<p>No Ocidente tendemos a pensar em lideran\u00e7a como uma qualidade que existe em algumas pessoas que nasceram com um dom. Essa forma de pensar \u00e9 muito simplista e conduz a armadilhas. Pensando assim,  saimos \u00e0 procura de indiv\u00edduos especiais com potencial para lideran\u00e7a, em lugar de desenvolvermos o potencial de lideran\u00e7a que j\u00e1 existe em cada um de n\u00f3s. <\/p>\n\n\n\n<p>Desta forma, somos facilmente distra\u00eddos pelo que esse ou aquele l\u00edder est\u00e1 fazendo, vivendo a vida do outro ao inv\u00e9s da nossa pr\u00f3pria, interessados pelos <strong>melodramas das pessoas tentando manter seu poder e de outras tentando arranc\u00e1-lo delas<\/strong>. <strong>E logo, quando as coisas n\u00e3o est\u00e3o correm bem, buscamos culpar lideres incompetentes por isso, evitando assim que qualquer responsabilidade pessoal recaia sobre n\u00f3s.<\/strong> <strong>\u00c9 mais f\u00e1cil terceirizar as derrotas do que assumir a parcela de responsabilidade que todos temos<\/strong>. Quando as coisas se tornam desesperadoras, facilmente nos encontramos esperando um grande l\u00edder para nos salvar&#8230; em v\u00e3o&#8230; em ilus\u00e3o&#8230;<\/p>\n\n\n\n<p>Na Baghavad Gita, um dos livros mais sagrados da tradi\u00e7\u00e3o Hindu, Krishna (Deus) diz a Arjuna (devoto) que: &#8220;\u00e9 melhor viver a sua pr\u00f3pria vida ainda que de forma imperfeita, do que viver uma imita\u00e7\u00e3o da vida de outra pessoa, ainda que de forma perfeita&#8221;. N\u00e3o devemos esperar por l\u00edderes salvadores, <strong>devemos liderar o curso de nossa pr\u00f3pria vida<\/strong>. Neste sentido, <strong><em>todos somos l\u00edderes (ou pelo menos dever\u00edamos ser)<\/em><\/strong>. &#8220;Quem sabe faz a hora, n\u00e3o espera acontecer&#8221;. <\/p>\n\n\n\n<div class=\"wp-block-image is-style-default\"><figure class=\"aligncenter is-resized\"><img loading=\"lazy\" decoding=\"async\" src=\"https:\/\/images.pexels.com\/photos\/4672553\/pexels-photo-4672553.jpeg?auto=compress&amp;cs=tinysrgb&amp;h=750&amp;w=1260\" alt=\"Foto profissional gr\u00e1tis de adultos, amigos, amizade\" width=\"346\" height=\"519\"\/><figcaption><em> <strong>Lideran\u00e7a aborda a possibilidade de criar novas realidades, que v\u00e3o al\u00e9m da realidade individual de apenas um<\/strong><\/em><\/figcaption><\/figure><\/div>\n\n\n\n<p>Lideran\u00e7a n\u00e3o \u00e9 sobre a apar\u00eancia do poder das posi\u00e7\u00f5es; n\u00e3o \u00e9 apenas a superficialidade das realiza\u00e7\u00f5es; em \u00faltima an\u00e1lise, nem mesmo se relaciona ao que fazemos. <strong>Liderar significa criar uma esfera na qual os seres humanos continuamente aprofundem sua compreens\u00e3o da realidade e se tornem mais capazes de participar no desdobramento do mundo. Em \u00faltima inst\u00e2ncia, a Lideran\u00e7a lida com a possibilidade de criar novas realidades, que v\u00e3o al\u00e9m da realidade individual de apenas um.<\/strong>  <\/p>\n\n\n\n<p><\/p>\n\n\n\n<h2 class=\"wp-block-heading\">Liderar \u00e9 encontrar a Unidade no Diverso<\/h2>\n\n\n\n<p>\u00c9 <strong>encontrar as motiva\u00e7\u00f5es escondidas dentro de cada vis\u00e3o de realidade, de forma a convergir para uma vis\u00e3o \u00fanica, potente onde todos, com suas diferen\u00e7as, contribuem de forma decisiva para a constru\u00e7\u00e3o da Unidade.<\/strong> <\/p>\n\n\n\n<p><\/p>\n\n\n\n<blockquote class=\"wp-block-quote is-layout-flow wp-block-quote-is-layout-flow\"><p>Liderar \u00e9 encontrar Unidade no diverso<\/p><\/blockquote>\n\n\n\n<p><strong><em>Todos por um bem comum, por um objetivo comum, n\u00e3o &#8220;apesar das diferen\u00e7as&#8221;, mas principalmente pela pot\u00eancia das diferen\u00e7as, da diversidade, que todos, empoderados pelo seu pr\u00f3prio Autoconhecimento aceitam refletir sobre as outras formas poss\u00edveis, e ainda que n\u00e3o concordem, respeitam e agregam e somam, e constroem juntas uma Unidade indestrut\u00edvel. <\/em><\/strong><\/p>\n\n\n\n<p><\/p>\n\n\n\n<p><\/p>\n\n\n\n<div class=\"wp-block-image is-style-default\"><figure class=\"aligncenter is-resized\"><img loading=\"lazy\" decoding=\"async\" src=\"https:\/\/www.extra-imagens.com.br\/Control\/ArquivoExibir.aspx?IdArquivo=1317563836\" alt=\"Livro Sidarta - Livro De Bolso - Acess\u00f3rios | Extra | 15135196\" width=\"314\" height=\"314\"\/><\/figure><\/div>\n\n\n\n<p><\/p>\n\n\n\n<p>Em seu cl\u00e1ssico &#8220;Sidarta&#8221;, que tamb\u00e9m \u00e9 o nome do protagonista da hist\u00f3ria, Hermann Hesse afirma que: &#8220;<strong> Em toda verdade, o oposto \u00e9 igualmente verdadeiro. Uma verdade s\u00f3 pode ser expressa e envolvida em palavras se for unilateral&#8221;<\/strong>. Isso significa que nenhuma verdade humana \u00e9 a Verdade Absoluta, logo, devemos ter a sabedoria da humildade para poder aceitar e somar.   <\/p>\n\n\n\n<p>O tema <strong>Diversidade <\/strong>nunca esteve t\u00e3o em pauta como agora. Tema amplamente discutido nos <em>boards<\/em> de empresas, na m\u00eddia, na sociedade em geral. Extremamente relevante para delinear o futuro, estarmos abertos a entender e principalmente respeitar as diferentes formas de express\u00e3o. Na Diversidade est\u00e3o contidas as respostas para muitas das perguntas ainda n\u00e3o respondidas sobre nosso futuro. <strong>Assim como a cura para diversas doen\u00e7as se encontra na diversidade da Floresta, da Fauna e Flora, assim tamb\u00e9m, na diversidade das formas de ser e pensar, est\u00e3o as respostas para as decis\u00f5es econ\u00f4micas para as Lideran\u00e7as<\/strong>. As respostas est\u00e3o na diversidade do Ser. Das diferentes formas de express\u00e3o da humanidade. Respeit\u00e1-las e buscar entend\u00ea-las, al\u00e9m de um ato de Amor, \u00e9 um ato de Sabedoria. A abertura para o diferente, o novo, \u00e9 um dos principais atributos de uma grande L\u00edder. <\/p>\n\n\n\n<p><\/p>\n\n\n\n<div class=\"wp-block-media-text alignwide is-stacked-on-mobile\" style=\"grid-template-columns:42% auto\"><figure class=\"wp-block-media-text__media\"><img loading=\"lazy\" decoding=\"async\" width=\"340\" height=\"330\" src=\"https:\/\/mindsoultrainer.com\/wp-content\/uploads\/2021\/12\/epiteto.jpg\" alt=\"\" class=\"wp-image-3639 size-full\" srcset=\"https:\/\/www.mindsoultrainer.com\/wp-content\/uploads\/2021\/12\/epiteto.jpg 340w, https:\/\/www.mindsoultrainer.com\/wp-content\/uploads\/2021\/12\/epiteto-300x291.jpg 300w, https:\/\/www.mindsoultrainer.com\/wp-content\/uploads\/2021\/12\/epiteto-40x40.jpg 40w\" sizes=\"auto, (max-width: 340px) 100vw, 340px\" \/><\/figure><div class=\"wp-block-media-text__content\">\n<p><strong>Epiteto ou Epicteto <\/strong><\/p>\n\n\n\n<p><em>(Hier\u00e1polis, 55 \u2014 Nic\u00f3polis, 135)<\/em><\/p>\n\n\n\n<p>Fil\u00f3sofo grego estoico que viveu a maior parte de sua vida em Roma, como escravo a servi\u00e7o de Epafrodito, o cruel secret\u00e1rio de Nero que, segundo a tradi\u00e7\u00e3o, uma vez lhe quebrou uma perna. <\/p>\n\n\n\n<p>Obras: Encheiridion de Epicteto (ou Manual de Epicteto) e as Diatribes (ou Discursos)<\/p>\n\n\n\n<p><strong>Para Epiteto, uma vida feliz e uma vida virtuosa eram sin\u00f4nimos. Felicidade e realiza\u00e7\u00e3o pessoal s\u00e3o consequ\u00eancias naturais de atitudes corretas. <\/strong><\/p>\n<\/div><\/div>\n\n\n\n<p>Ep\u00edteto<\/p>\n\n\n\n<blockquote class=\"wp-block-quote has-text-align-center is-style-large is-layout-flow wp-block-quote-is-layout-flow\"><p><strong>&#8220;\u00c9 imposs\u00edvel para um homem aprender aquilo que ele acha que j\u00e1 sabe.\u201c<\/strong><\/p><cite>Epiteto<\/cite><\/blockquote>\n\n\n\n<p><\/p>\n\n\n\n<p><\/p>\n\n\n\n<div class=\"wp-block-media-text alignwide is-stacked-on-mobile\"><figure class=\"wp-block-media-text__media\"><img loading=\"lazy\" decoding=\"async\" width=\"700\" height=\"460\" src=\"https:\/\/mindsoultrainer.com\/wp-content\/uploads\/2021\/12\/socrates.png\" alt=\"\" class=\"wp-image-3672 size-full\" srcset=\"https:\/\/www.mindsoultrainer.com\/wp-content\/uploads\/2021\/12\/socrates.png 700w, https:\/\/www.mindsoultrainer.com\/wp-content\/uploads\/2021\/12\/socrates-300x197.png 300w, https:\/\/www.mindsoultrainer.com\/wp-content\/uploads\/2021\/12\/socrates-400x263.png 400w\" sizes=\"auto, (max-width: 700px) 100vw, 700px\" \/><\/figure><div class=\"wp-block-media-text__content\">\n<p style=\"font-size:14px\">Um dia, um amigo de S\u00f3crates consultou o Or\u00e1culo de Delfos. Desejava saber se existia algu\u00e9m mais s\u00e1bio que o fil\u00f3sofo. A resposta foi direta: \u201cN\u00e3o, ningu\u00e9m \u00e9 mais s\u00e1bio que S\u00f3crates\u201d. Quando soube da resposta, S\u00f3crates ficou pasmo com a afirma\u00e7\u00e3o e foi procurar pol\u00edticos e poetas para provar o erro do Or\u00e1culo. Ao conversar com outros s\u00e1bios, S\u00f3crates concluiu que todos acreditavam que tinham um conhecimento profundo sobre algum assunto, quando, na verdade, n\u00e3o era bem assim. <\/p>\n\n\n\n<p style=\"font-size:14px\">A sabedoria do pensador estava em n\u00e3o alimentar ilus\u00f5es sobre o pr\u00f3prio saber. Foi dessa l\u00f3gica que S\u00f3crates extraiu a hist\u00f3rica frase \u201cs\u00f3 sei que nada sei&#8221;, pensamento que lhe rendeu v\u00e1rios inimigos em Atenas, que o acusaram de ser, na verdade, um sofista interessado em se aproveitar da ret\u00f3rica para mentir, o que derivou em sua pris\u00e3o e morte, mas sob outros dois outros pensamentos: \u201cA vida irrefletida n\u00e3o vale a pena ser vivida\u201d e \u201cJ\u00e1 \u00e9 hora de irmos. Eu para a morte, voc\u00eas para a vida. Quem de n\u00f3s segue o melhor rumo? Isso \u00e9 segredo. Exceto para Deus\u201d<\/p>\n<\/div><\/div>\n\n\n\n<blockquote class=\"wp-block-quote has-text-align-center is-style-large is-layout-flow wp-block-quote-is-layout-flow\"><p><strong>&#8220;S\u00f3 sei que nada sei&#8221;<\/strong><\/p><cite>S\u00f3crates<\/cite><\/blockquote>\n\n\n\n<p><\/p>\n\n\n\n<p class=\"has-text-align-center\" style=\"font-size:24px\"><strong>Um grande l\u00edder em seu \u00edntimo \u00e9 humilde porque sabe que ainda pouco sabe e ouvir \u00e9 importante<\/strong><\/p>\n\n\n\n<p><\/p>\n\n\n\n<h2 class=\"wp-block-heading\">O L\u00edder para o momento que vivemos \u00e9&#8230;<\/h2>\n\n\n\n<p>Que <strong>habilidades e conhecimentos s\u00e3o necess\u00e1rios para um Lider na Era da Informa\u00e7\u00e3o e da Automa\u00e7\u00e3o<\/strong>?! O acesso imediato \u00e0 informa\u00e7\u00e3o permite <strong>evolu\u00e7\u00e3o exponencial de tecnologias no tempo. Novas tecnologias ao serem utilizadas permitem desenvolver outras novas tecnologias e descobertas cada vez mais r\u00e1pido, criando um processo exponencial de evolu\u00e7\u00e3o tecnol\u00f3gica<\/strong>. Contudo, <strong>nada disso \u00e9 sustent\u00e1vel se n\u00e3o houver juntamente uma evolu\u00e7\u00e3o exponencial da Moral, do entendimento do Papel do ser humano, do seu Prop\u00f3sito, das Habilidades humanas e morais, da Sociedade, da Vida.<\/strong> As m\u00e1quinas poder\u00e3o fazer o trabalho de m\u00e1quinas, mas cada ser humano precisar\u00e1 ser verdadeiramente humano na nova sociedade.<\/p>\n\n\n\n<div class=\"wp-block-image\"><figure class=\"aligncenter is-resized\"><img loading=\"lazy\" decoding=\"async\" src=\"https:\/\/images.pexels.com\/photos\/8294839\/pexels-photo-8294839.jpeg?auto=compress&amp;cs=tinysrgb&amp;dpr=1&amp;w=500\" alt=\"Foto profissional gr\u00e1tis de adulto, Asi\u00e1tico, casa\" width=\"365\" height=\"547\"\/><figcaption><em>Homens e M\u00e1quinas<\/em><\/figcaption><\/figure><\/div>\n\n\n\n<p><\/p>\n\n\n\n<p>As Lideran\u00e7as, em especial, precisam <strong>desenvolver suas habilidades humanas, que partem da conex\u00e3o mais profunda com a ess\u00eancia do que \u00e9 o ser humano<\/strong>. Para que servimos? Por que e para que estamos aqui? Estas perguntas nunca foram t\u00e3o importantes. Costumo dizer para as pessoas que trabalham comigo que antes de automatizar algo, escalar <em>n<\/em> vezes algo, criar uma linha de produ\u00e7\u00e3o, \u00e9 preciso ter muito claro se o processo funciona, se o prot\u00f3tipo funciona. \u00c9 preciso ter claro o objetivo, o prop\u00f3sito, onde se quer chegar. \u00c9 preciso testar em ambiente controlado, para ent\u00e3o fazer em massa. <strong>Em Inova\u00e7\u00e3o errar \u00e9 parte do processo, mas saber errar pequeno \u00e9 essencial, \u00e9 vital. <\/strong><\/p>\n\n\n\n<p><strong>Sem autoconhecimento, sem moral, sem um objetivo humano, nossas m\u00e1quinas ir\u00e3o replicar (e em laga escala) os problemas, os vieses, <\/strong>as mazelas da nossa sociedade aos milhares, o que obviamente sabemos que n\u00e3o \u00e9 sustent\u00e1vel. O ser humano tem o instinto da autopreserva\u00e7\u00e3o, do contr\u00e1rio j\u00e1 ter\u00edamos desaparecido h\u00e1 milhares de anos, mas estamos t\u00e3o desatentos com nossas divers\u00f5es, nossas sensa\u00e7\u00f5es, nossos &#8220;brinquedos tecnol\u00f3gicos&#8221; e falta de compreens\u00e3o sobre nosso papel que, iludidos, corremos sim o risco de criar m\u00e1quinas que nos atrapalhem, ainda que com a boa inten\u00e7\u00e3o contr\u00e1ria. P<strong>recisamos ter claro nosso prop\u00f3sito de existir, de prevalecer, de evoluir, de criar coisas boas e n\u00e3o apenas coisas confort\u00e1veis.  <\/strong><\/p>\n\n\n\n<p><strong>O objetivo da vida \u00e9 evoluir. <\/strong>Em sua \u00faltima inst\u00e2ncia, <strong>o objetivo \u00faltimo da vida \u00e9 o Amor<\/strong>, Este que n\u00e3o \u00e9 explic\u00e1vel em palavras, motivo pelo qual, em v\u00e1rias tradi\u00e7\u00f5es n\u00e3o existe um nome para defin\u00ed-Lo e a\u00ed buscamos, ainda que de forma falha, forma e formas de acess\u00e1-Lo. E isso \u00e9 individual de cada pessoa, de acordo com sua forma de compreender o mundo. Eu, por exemplo, encontro como uma das formas de <strong>compreender o Amor<\/strong>, o <strong>objetivo supremo da vida, <\/strong>no <a href=\"https:\/\/www.mindsoultrainer.com\/?p=2690\"><strong><em>poema de Khalil Gibran<\/em><\/strong><\/a>, dentro de sua obra prima &#8220;O Profeta&#8221;, que publicamos aqui h\u00e1 alguns meses. <strong>O objetivo da vida \u00e9 o Amor e liderar \u00e9 um ato de Amor<\/strong>. Faz parte da realiza\u00e7\u00e3o do ser humano a sua capacidade de liderar com Amor, pelo Amor. <strong>A Lideran\u00e7a \u00e9 uma das formas de express\u00e3o do Amor<\/strong>. A maior parte dos l\u00edderes, contudo, <strong>confunde as a\u00e7\u00f5es necess\u00e1rias<\/strong> para a Lideran\u00e7a <strong>com o objetivo maior da Lideran\u00e7a<\/strong>. <\/p>\n\n\n\n<p>De forma an\u00e1loga, no <strong><a href=\"https:\/\/www.mindsoultrainer.com\/?p=334\">Yoga<\/a><\/strong>, por exemplo, as pessoas confundem os <a href=\"https:\/\/www.mindsoultrainer.com\/?p=914\">\u00c1sanas<\/a>, as posturas, como o objetivo do Yoga. Contudo, \u00c1sanas (assento confort\u00e1vel em hindi) \u00e9 um meio necess\u00e1rio, um pr\u00e9-requisito, para que o corpo possa estar num estado adequado, para que possamos acessar nosso campo mental e espiritual. Portanto <strong><em><a href=\"https:\/\/www.mindsoultrainer.com\/?p=914\">\u00c1sana <\/a>sozinho n\u00e3o \u00e9 Yoga, \u00e9 um meio, n\u00e3o um fim<\/em><\/strong>. De forma similar, as <strong>habilidades, que normalmente se comentam ser, necess\u00e1rias em um grande L\u00edder tamb\u00e9m s\u00e3o um meio e n\u00e3o um fim<\/strong>. O verdadeiro objetivo de um grande l\u00edder \u00e9 ajudar aos <strong>membros de sua equipe a realizarem o seu m\u00e1ximo potencial em seu trabalho, em suas vidas<\/strong>. E o <strong>m\u00e1ximo potencial de qualquer ser humano traduz-se em realizar o Amor em si e ao seu redor.<\/strong> Se um dia, cada ser humano conseguir seu potencial m\u00e1ximo de realiza\u00e7\u00e3o na Terra, ent\u00e3o estaremos realizando o potencial m\u00e1ximo da Cria\u00e7\u00e3o. <strong>Para se realizar o potencial m\u00e1ximo de cada ser humano, \u00e9 necess\u00e1rio trabalhar autoconhecimento, autoevolu\u00e7\u00e3o. <\/strong>A partir desta trilha, o l\u00edder verdadeiro permite ajudar aos demais a tra\u00e7arem caminhos melhores em dire\u00e7\u00e3o \u00e0 Realiza\u00e7\u00e3o Plena, em dire\u00e7\u00e3o ao Amor e assim realizarem, e como consequ\u00eancia, realizarem o potencial do L\u00edder. A realiza\u00e7\u00e3o do L\u00edder se faz atrav\u00e9s da realiza\u00e7\u00e3o dos seus liderados.<\/p>\n\n\n\n<div class=\"wp-block-image\"><figure class=\"aligncenter is-resized\"><img loading=\"lazy\" decoding=\"async\" src=\"https:\/\/images.pexels.com\/photos\/8364022\/pexels-photo-8364022.jpeg?auto=compress&amp;cs=tinysrgb&amp;h=750&amp;w=1260\" alt=\"Foto profissional gr\u00e1tis de alunos, aprendendo, aprendizes\" width=\"559\" height=\"373\"\/><figcaption><em>Covid: Coletivo vs Individual<\/em><\/figcaption><\/figure><\/div>\n\n\n\n<p>Talvez possa parecer a alguns de voc\u00eas (lembrando que a compreens\u00e3o de cada um \u00e9 individual e deve ser respeitada) um pouco ut\u00f3pico o que estou apresentando, mas pensando na experi\u00eancia recente e ainda latente da pandemia de Covid19 e todas suas variantes, ficou relativamente evidente para as gera\u00e7\u00f5es que coexistem neste momento, da exist\u00eancia e da<strong> import\u00e2ncia do coletivo, das a\u00e7\u00f5es coordenadas<\/strong>, do <strong>pensar em todos e n\u00e3o apenas de forma individual,<\/strong> infelizmente motivados apenas pela quest\u00e3o da sa\u00fade e da sobreviv\u00eancia. Mas estas s\u00e3o as ordens do Amor, evolu\u00e7\u00e3o \u00e9 conjunta, de todos n\u00f3s, que precisamos caminhar juntos. Sozinho mais r\u00e1pido, mas juntos mais longe. N\u00e3o existe time sem sincronia, sem preocupa\u00e7\u00e3o genu\u00edna com o companheiro, com o colaborador, com o par, com o subordinado, com o chefe. <strong>Rela\u00e7\u00f5es Verdadeiras, em nome do Amor, s\u00e3o as que fazem equipes triunfantes, vencedoras e evolutivas. Evolu\u00e7\u00e3o com ra\u00edzes fortes e duradouras para cada indiv\u00edduo e ao mesmo tempo para todos os indiv\u00edduos. Resultado exepcional \u00e9 quando \u00e9 nosso, n\u00e3o apenas meu<\/strong>.<\/p>\n\n\n\n<p>Nas publica\u00e7\u00f5es anteriores abordamos muitos temas relacionados a Autoconhecimento. O tema \u00e9 muito amplo e ainda existe bastante a explorar. Continuaremos fazendo isso gradualmente. Nas pr\u00f3ximas publica\u00e7\u00f5es, iremos abordar as <strong>CARACTER\u00cdSTICAS <\/strong>e <strong>HABILIDADES <\/strong>que os l\u00edderes do nosso tempo precisam(r\u00e3o) desenvolver. Nossa inten\u00e7\u00e3o \u00e9 mostrar o quanto estas habilidades est\u00e3o diretamente relacionadas ao Autoconhecimento, inclusive muitos temas que j\u00e1 abordamos por aqui. Nosso objetivo aqui \u00e9<strong> investigar estas caracter\u00edsticas e habilidades a fundo, associ\u00e1-las \u00e0s nossas bases de AUTOCONHECIMENTO e mostrar formas de como incorpor\u00e1-las verdadeiramente<\/strong> em nossos <strong>perfis de LIDERAN\u00c7A, no nosso perfil de SER HUMANO AUTORREALIZADO que inspira e contagia positivamente todos ao redor. L\u00cdDERES INSPIRADORES.<\/strong><\/p>\n\n\n\n<p>Nos vemos em breve \ud83d\ude09<\/p>\n\n\n\n<p><\/p>\n\n\n\n<p><\/p>\n\n\n\n<p>Refer\u00eancias:<\/p>\n\n\n\n<p class=\"has-small-font-size\">&#8220;<em>Growth Mindset&#8221;<\/em>, Carol S. Dweck<\/p>\n\n\n\n<p class=\"has-small-font-size\"><em>&#8220;Liderar a partir do Futuro que Emerge&#8221;<\/em>, Otto Scharmer<\/p>\n\n\n\n<p class=\"has-small-font-size\"><em>&#8220;Presen\u00e7a &#8211; Prop\u00f3sito Humano e o Campo do Futuro&#8221;<\/em>, Peter Senge, C. Otto Scharmer. Joseph Jaworski, Betty Sue Flower<\/p>\n\n\n\n<p class=\"has-small-font-size\"><em>Baghavad Gita<\/em><\/p>\n\n\n\n<p class=\"has-small-font-size\"><em>www.pexels.com<\/em><\/p>\n\n\n\n<p class=\"has-small-font-size\"><em>https:\/\/super.abril.com.br\/ideias\/so-sei-que-nada-sei-socrates\/<\/em><\/p>\n\n\n\n<p class=\"has-small-font-size\"><\/p>\n\n\n\n<p><\/p>\n\n\n\n<p><\/p>\n\n\n\n<p><\/p>\n\n\n\n<p><\/p>\n","protected":false},"excerpt":{"rendered":"<p>Liderar \u00e9 um ato de Amor &#8211; Autoconhecimento \u00e9 o in\u00edcio da jornada, fundamental para que o L\u00edder inspire pessoas e organiza\u00e7\u00f5es em suas jornadas de crescimento e evolu\u00e7\u00e3o<\/p>\n","protected":false},"author":8,"featured_media":3771,"comment_status":"open","ping_status":"open","sticky":false,"template":"","format":"standard","meta":{"footnotes":""},"categories":[401,251,358,377,494,359,4],"tags":[493,22,472,471,482,366,491,468,478,467,489,476,143,481,480,463,462,461,128,485,487,470,469,474,477,109,466,479,464,465,488,490,492,484,483],"class_list":["post-3253","post","type-post","status-publish","format-standard","hentry","category-amor","category-autoconhecimento","category-autorrealizacao","category-jornada","category-lideranca","category-proposito","category-geral","tag-amor","tag-autoconhecimento","tag-career","tag-carreira","tag-dalailama","tag-diversidade","tag-epiteto","tag-flow","tag-greenleaf","tag-growth","tag-hermanhesse","tag-hr","tag-integral","tag-krishnamurti","tag-leader","tag-leadership","tag-lider","tag-lideranca","tag-mindset","tag-mindsoul","tag-mindsoultrainer","tag-move","tag-movement","tag-people","tag-rh","tag-self","tag-selfknowledge","tag-servant","tag-serve","tag-servir","tag-sidarta","tag-siddartha","tag-socrates","tag-soul","tag-videiras"],"_links":{"self":[{"href":"https:\/\/www.mindsoultrainer.com\/index.php?rest_route=\/wp\/v2\/posts\/3253","targetHints":{"allow":["GET"]}}],"collection":[{"href":"https:\/\/www.mindsoultrainer.com\/index.php?rest_route=\/wp\/v2\/posts"}],"about":[{"href":"https:\/\/www.mindsoultrainer.com\/index.php?rest_route=\/wp\/v2\/types\/post"}],"author":[{"embeddable":true,"href":"https:\/\/www.mindsoultrainer.com\/index.php?rest_route=\/wp\/v2\/users\/8"}],"replies":[{"embeddable":true,"href":"https:\/\/www.mindsoultrainer.com\/index.php?rest_route=%2Fwp%2Fv2%2Fcomments&post=3253"}],"version-history":[{"count":70,"href":"https:\/\/www.mindsoultrainer.com\/index.php?rest_route=\/wp\/v2\/posts\/3253\/revisions"}],"predecessor-version":[{"id":3823,"href":"https:\/\/www.mindsoultrainer.com\/index.php?rest_route=\/wp\/v2\/posts\/3253\/revisions\/3823"}],"wp:featuredmedia":[{"embeddable":true,"href":"https:\/\/www.mindsoultrainer.com\/index.php?rest_route=\/wp\/v2\/media\/3771"}],"wp:attachment":[{"href":"https:\/\/www.mindsoultrainer.com\/index.php?rest_route=%2Fwp%2Fv2%2Fmedia&parent=3253"}],"wp:term":[{"taxonomy":"category","embeddable":true,"href":"https:\/\/www.mindsoultrainer.com\/index.php?rest_route=%2Fwp%2Fv2%2Fcategories&post=3253"},{"taxonomy":"post_tag","embeddable":true,"href":"https:\/\/www.mindsoultrainer.com\/index.php?rest_route=%2Fwp%2Fv2%2Ftags&post=3253"}],"curies":[{"name":"wp","href":"https:\/\/api.w.org\/{rel}","templated":true}]}}